{"id":7152,"date":"2015-01-19T23:59:24","date_gmt":"2015-01-19T23:59:24","guid":{"rendered":"http:\/\/www.ecuadoraldia.com.ec\/?p=7152"},"modified":"2015-01-19T23:59:24","modified_gmt":"2015-01-19T23:59:24","slug":"5-propuestas-de-reduccion-de-salvaguardias-con-peru-se-analizaran-la-proxima-semana","status":"publish","type":"post","link":"https:\/\/www.ecuadoraldia.com.ec\/?p=7152","title":{"rendered":"5 propuestas de reducci\u00f3n de salvaguardias con Per\u00fa se analizar\u00e1n la pr\u00f3xima semana"},"content":{"rendered":"<p style=\"text-align: justify;\"><a href=\"http:\/\/www.ecuadoraldia.com.ec\/wp-content\/uploads\/2015\/01\/reunin-cancilleres-peru.jpg\"><img loading=\"lazy\" decoding=\"async\" class=\"alignleft size-medium wp-image-7153\" src=\"http:\/\/www.ecuadoraldia.com.ec\/wp-content\/uploads\/2015\/01\/reunin-cancilleres-peru-300x176.jpg\" alt=\"reunin cancilleres peru\" width=\"300\" height=\"176\" srcset=\"https:\/\/www.ecuadoraldia.com.ec\/wp-content\/uploads\/2015\/01\/reunin-cancilleres-peru-300x176.jpg 300w, https:\/\/www.ecuadoraldia.com.ec\/wp-content\/uploads\/2015\/01\/reunin-cancilleres-peru.jpg 450w\" sizes=\"(max-width: 300px) 100vw, 300px\" \/><\/a>Los ministros de Comercio Exterior de Ecuador y Per\u00fa, Francisco Rivadeneira y Magaly Silva, respectivamente, definieron 5 propuestas que se discutir\u00e1n a nivel de viceministros de Comercio en una reuni\u00f3n con las autoridades competentes, que se realizar\u00e1 la siguiente semana en Lima, Per\u00fa.<\/p>\n<p style=\"text-align: justify;\">Los probables acuerdos ser\u00edan los siguientes:<\/p>\n<p style=\"text-align: justify;\">1. Per\u00fa solicit\u00f3 la no aplicaci\u00f3n de la salvaguarda a los productos peruanos. Por su parte, Ecuador propuso revisar el \u00e1mbito de aplicaci\u00f3n de la salvaguardia, en particular, la posibilidad de la exclusi\u00f3n inmediata de la salvaguardia a las materias primas necesarias para su producci\u00f3n nacional e invit\u00f3 al Per\u00fa a proponer la exclusi\u00f3n de otras materias primas y bienes de capital que puedan ser de su inter\u00e9s.<\/p>\n<p style=\"text-align: justify;\">2. En cumplimiento al Acuerdo de Reconocimiento firmado por los dos pa\u00edses, en octubre 2014, las delegaciones acordaron realizar un taller con la participaci\u00f3n del Instituto Nacional de Normalizaci\u00f3n Ecuatoriana (INEN), aduanas, otras instituciones de gobierno competentes y representantes del sector privado para difundir los procedimientos relativos a la normativa t\u00e9cnica vigente en Ecuador y el procedimiento para la obtenci\u00f3n del sello INEN para empresas peruanas. Per\u00fa solicit\u00f3 revisar el listado de requisitos para la aplicaci\u00f3n de la Declaraci\u00f3n Juramentada del fabricante. El Ecuador por su parte solicit\u00f3 que el sello de calidad INEN sea reconocido como \u201ccertificado de conformidad de producto esquema cinco\u201d, para su comercializaci\u00f3n en territorio peruano.<\/p>\n<p style=\"text-align: justify;\">3. El Per\u00fa solicit\u00f3 al Ecuador que se eval\u00fae la exclusi\u00f3n a las importaciones del Per\u00fa de la investigaci\u00f3n de la medida de salvaguardia a los pisos de madera.<\/p>\n<p style=\"text-align: justify;\">4. Las delegaciones acordaron tomar medidas para solucionar el acceso sanitario y fitosanitario a sus respectivos territorios de productos agropecuarios. Ecuador solicit\u00f3 en especial l\u00e1cteos, pi\u00f1a, papaya y bovino en pie. Asimismo, el Per\u00fa solicit\u00f3 facilitar el acceso al mercado ecuatoriano de aves y carne de cerdo, entre otros.<\/p>\n<p style=\"text-align: justify;\">5. Las delegaciones acordaron solucionar el problema de las verificaciones de origen impuestas por Per\u00fa a productos ecuatorianos.<\/p>\n<p style=\"text-align: justify;\">Francisco Rivadeneira explic\u00f3 que los viceministros trabajar\u00e1n para definir los acuerdos y en caso de que no se logren puntos en com\u00fan, se tendr\u00edan que reunir nuevamente los ministros en m\u00e1ximo 2 semanas, tanto para Colombia como para Per\u00fa.<\/p>\n<p style=\"text-align: justify;\">Pese a que se mantienen las conversaciones, Rivadeneira recalc\u00f3 que las salvaguardas siguen.<\/p>\n<p style=\"text-align: justify;\">Por decisi\u00f3n del Comit\u00e9 de Comercio Exterior (Comex), desde el 5 de enero entraron en vigencia las salvaguardias cambiarias de 21% para el universo arancelario de productos con origen colombiano y del 7% para los productos peruanos. Seg\u00fan las autoridades ecuatorianas, la medida se adopt\u00f3 por la devaluaci\u00f3n de la moneda de dichos pa\u00edses, lo que lleva a que se abaraten las importaciones.<\/p>\n<p style=\"text-align: justify;\">La cita binacional de los funcionarios se realiz\u00f3 en el hotel Quito, norte de la capital, hasta donde llegaron equipos de trabajo para proponer alternativas a esta medida.<\/p>\n<p style=\"text-align: justify;\">Francisco Rivadeneira justific\u00f3 la decisi\u00f3n ecuatoriana. Dijo que fueron medidas necesarias por el bien de la econom\u00eda del pa\u00eds, \u201cdebido a la coyuntura internacional que no podemos controlar, tuvimos que revaluar aspectos de la pol\u00edtica comercial\u201d. El funcionario se mostr\u00f3 dispuesto al di\u00e1logo y a escuchar las necesidades de su similar peruana para llegar a acuerdos.<\/p>\n<p style=\"text-align: justify;\">De su parte, Magaly Silva indic\u00f3 que su pa\u00eds tambi\u00e9n se ha visto afectado por la ca\u00edda de los precios del petr\u00f3leo, as\u00ed como de otros minerales como el cobre y oro. \u201cNos han afectado porque no somos pa\u00edses que podemos responder inmediatamente a la ca\u00edda de precios o a la coyuntura internacional, sino que todos esto se determina por la demanda de productos\u201d.<\/p>\n<p style=\"text-align: justify;\">Ramiro Gonz\u00e1lez, ministro de Industrias y Productividad, explic\u00f3 que se tiene previsto utilizar la metodolog\u00eda de trabajo que se aplic\u00f3 con Colombia. \u201cEsperamos que Per\u00fa nos entienda por qu\u00e9 tomamos esta medida, en esta semana se volvi\u00f3 a devaluar su moneda y eso agrava a\u00fan m\u00e1s la situaci\u00f3n\u201d, indic\u00f3.<\/p>\n<p style=\"text-align: justify;\">El funcionario no especific\u00f3 cu\u00e1l ser\u00eda el porcentaje que se reduzca de las salvaguardias.<\/p>\n<p style=\"text-align: justify;\">El 14 de enero se mantuvo una reuni\u00f3n de trabajo similar entre funcionarios de Ecuador y Colombia. En ese encuentro se habr\u00eda acordado excluir de la salvaguardia cambiaria a las materias primas, insumos y bienes de capital, seg\u00fan la clasificaci\u00f3n internacional que define estas subpartidas. Esta resoluci\u00f3n se oficializar\u00e1 el 26 de enero a cargo de los comit\u00e9s de Comercio Exterior de Ecuador y Colombia. Se espera que estos aspectos tambi\u00e9n se tomen en cuenta para el acuerdo entre Ecuador y Per\u00fa. (TELEGRAFO)<\/p>\n","protected":false},"excerpt":{"rendered":"<p>Los ministros de Comercio Exterior de Ecuador y Per\u00fa, Francisco Rivadeneira y Magaly Silva, respectivamente, definieron 5 propuestas que se<\/p>\n","protected":false},"author":1,"featured_media":0,"comment_status":"open","ping_status":"open","sticky":false,"template":"","format":"standard","meta":{"footnotes":""},"categories":[9,3],"tags":[],"_links":{"self":[{"href":"https:\/\/www.ecuadoraldia.com.ec\/index.php?rest_route=\/wp\/v2\/posts\/7152"}],"collection":[{"href":"https:\/\/www.ecuadoraldia.com.ec\/index.php?rest_route=\/wp\/v2\/posts"}],"about":[{"href":"https:\/\/www.ecuadoraldia.com.ec\/index.php?rest_route=\/wp\/v2\/types\/post"}],"author":[{"embeddable":true,"href":"https:\/\/www.ecuadoraldia.com.ec\/index.php?rest_route=\/wp\/v2\/users\/1"}],"replies":[{"embeddable":true,"href":"https:\/\/www.ecuadoraldia.com.ec\/index.php?rest_route=%2Fwp%2Fv2%2Fcomments&post=7152"}],"version-history":[{"count":1,"href":"https:\/\/www.ecuadoraldia.com.ec\/index.php?rest_route=\/wp\/v2\/posts\/7152\/revisions"}],"predecessor-version":[{"id":7154,"href":"https:\/\/www.ecuadoraldia.com.ec\/index.php?rest_route=\/wp\/v2\/posts\/7152\/revisions\/7154"}],"wp:attachment":[{"href":"https:\/\/www.ecuadoraldia.com.ec\/index.php?rest_route=%2Fwp%2Fv2%2Fmedia&parent=7152"}],"wp:term":[{"taxonomy":"category","embeddable":true,"href":"https:\/\/www.ecuadoraldia.com.ec\/index.php?rest_route=%2Fwp%2Fv2%2Fcategories&post=7152"},{"taxonomy":"post_tag","embeddable":true,"href":"https:\/\/www.ecuadoraldia.com.ec\/index.php?rest_route=%2Fwp%2Fv2%2Ftags&post=7152"}],"curies":[{"name":"wp","href":"https:\/\/api.w.org\/{rel}","templated":true}]}}