{"id":7155,"date":"2015-01-20T00:00:58","date_gmt":"2015-01-20T00:00:58","guid":{"rendered":"http:\/\/www.ecuadoraldia.com.ec\/?p=7155"},"modified":"2015-01-20T00:00:58","modified_gmt":"2015-01-20T00:00:58","slug":"no-hubo-intervencion-de-terceros-en-muerte-de-nisman-segun-informe-preliminar","status":"publish","type":"post","link":"https:\/\/www.ecuadoraldia.com.ec\/?p=7155","title":{"rendered":"\u00abNo hubo intervenci\u00f3n de terceros\u00bb en muerte de Nisman, seg\u00fan informe preliminar\u00a0"},"content":{"rendered":"<p style=\"text-align: justify;\"><a href=\"http:\/\/www.ecuadoraldia.com.ec\/wp-content\/uploads\/2015\/01\/nisman1.jpg\"><img loading=\"lazy\" decoding=\"async\" class=\"alignleft size-medium wp-image-7156\" src=\"http:\/\/www.ecuadoraldia.com.ec\/wp-content\/uploads\/2015\/01\/nisman1-300x222.jpg\" alt=\"Picture taken on July 16\" width=\"300\" height=\"222\" srcset=\"https:\/\/www.ecuadoraldia.com.ec\/wp-content\/uploads\/2015\/01\/nisman1-300x222.jpg 300w, https:\/\/www.ecuadoraldia.com.ec\/wp-content\/uploads\/2015\/01\/nisman1.jpg 800w\" sizes=\"(max-width: 300px) 100vw, 300px\" \/><\/a>AFP. Un arma de fuego fue encontrado junto al cad\u00e1ver del fiscal. FOTO: Noticias Argentinas \/AFP<\/p>\n<p style=\"text-align: justify;\">Los forenses que realizaron la autopsia confirmaron hoy que \u00abno hubo intervenci\u00f3n de terceras personas\u00bb en la muerte del fiscal Alberto Nisman. As\u00ed lo asegur\u00f3 la fiscal que lleva el caso, Viviana Fein, a trav\u00e9s de un comunicado de prensa.<\/p>\n<p style=\"text-align: justify;\">Fein asegur\u00f3 que esta tarde recibi\u00f3 un anticipo del resultado de la autopsia que se hizo al cuerpo del fiscal y que el decano de la morgue judicial le comunic\u00f3 que en el caso no particip\u00f3 una tercera persona.<\/p>\n<p style=\"text-align: justify;\">\u00abNo obstante, la fiscal se encuentra a la espera de los resultados de un c\u00famulo de medidas probatorias destinadas a poder descartar cualquier otra hip\u00f3tesis\u00bb, dice el comunicado, seg\u00fan recoge la agencia T\u00e9lam.<\/p>\n<p style=\"text-align: justify;\">Fuentes de la investigaci\u00f3n aseguraron a T\u00e9lam que en la autopsia se determin\u00f3 que Nisman muri\u00f3 de un balazo que ingres\u00f3 por el parietal derecho de su cabeza, dos cent\u00edmetros arriba de la oreja.<\/p>\n<p style=\"text-align: justify;\">Seg\u00fan el informe preliminar que enviaron los forenses a la fiscal Fein, el cuerpo presentaba un orificio de bala con entrada en el parietal derecho que qued\u00f3 alojado dentro de su cabeza, y ten\u00eda p\u00e9rdida de masa encef\u00e1lica.<\/p>\n<p style=\"text-align: justify;\">Por otra parte, el comunicado oficial de la fiscal se\u00f1ala que \u00abentre esta tarde y ma\u00f1ana, llegar\u00e1n los resultados del estudio microsc\u00f3pico de barrido electr\u00f3nico practicado sobre las muestras tomadas de las manos del fiscal Nisman\u00bb, que est\u00e1n realizando expertos de la polic\u00eda bonaerense.<\/p>\n<p style=\"text-align: justify;\">Con este resultado, se determinar\u00e1 la existencia o no de restos residuales de p\u00f3lvora en las manos del fiscal.<\/p>\n<p style=\"text-align: justify;\">En tanto, en las pr\u00f3ximas horas, la Fiscal\u00eda continuar\u00e1 tomando declaraciones testimoniales y quedar\u00e1 a la espera de los resultados de distintas medidas t\u00e9cnicas encomendadas a la Prefectura y a la divisi\u00f3n Apoyo Tecnol\u00f3gico de la Polic\u00eda Federal sobre el material secuestrado en el departamento de Nisman.<\/p>\n<p style=\"text-align: justify;\">Es que para la fiscal son clave los resultados de las comunicaciones entrantes y salientes del tel\u00e9fono celular del fiscal, ya que quiere saber con qui\u00e9nes se comunic\u00f3 antes de su muerte.<\/p>\n<p style=\"text-align: justify;\">Fern\u00e1ndez ordena desclasificar informaci\u00f3n<\/p>\n<p style=\"text-align: justify;\">La presidenta argentina, Cristina Fern\u00e1ndez, orden\u00f3 este lunes desclasificar informaci\u00f3n de Inteligencia relacionada con la investigaci\u00f3n del atentado contra la mutual jud\u00eda AMIA de 1994, solicitada la semana pasada por el fiscal de la causa, Alberto Nisman, que muri\u00f3 el domingo.<\/p>\n<p style=\"text-align: justify;\">La Presidencia argentina inform\u00f3 en un comunicado que el secretario de Inteligencia (SI), \u00d3scar Parrilli, notific\u00f3 a la jueza federal Mar\u00eda Servini de Cubr\u00eda que, por \u00abexpresa instrucci\u00f3n de la Presidenta de la Naci\u00f3n\u00bb, autoriz\u00f3 desclasificar la informaci\u00f3n de inteligencia solicitada por Nisman.<\/p>\n<p style=\"text-align: justify;\">El fiscal Nisman hizo el pedido en su denuncia vinculada a la causa AMIA y a la firma del Memor\u00e1ndum de Entendimiento entre Argentina e Ir\u00e1n de 2013.<\/p>\n<p style=\"text-align: justify;\">Parrilli record\u00f3 que Nisman \u00abhab\u00eda librado oficios a la Secretar\u00eda Presidencial requiriendo la desclasificaci\u00f3n de la identidad, las acciones, los hechos y circunstancias correspondientes al personal de inteligencia que surge del producido de las intervenciones telef\u00f3nicas de los abonados\u00bb a cuatro n\u00famero telef\u00f3nicos detallados en la circular.<\/p>\n<p style=\"text-align: justify;\">El fiscal Alberto Nisman, hallado muerto de un disparo en su apartamento de Buenos Aires, deb\u00eda declarar la tarde de este lunes ante la Comisi\u00f3n de Legislaci\u00f3n Penal del Congreso, sobre las pruebas que le sirvieron para acusar a la presidenta Fern\u00e1ndez, y a su canciller H\u00e9ctor Timerman, entre otros, de encubrir a Ir\u00e1n de sus supuestas responsabilidades en el atentado de hace 20 a\u00f1os en la capital argentina, que dej\u00f3 85 muertos y 300 heridos.<\/p>\n<p style=\"text-align: justify;\">Organizaciones jud\u00edas en Argentina como la AMIA, DAIA y tambi\u00e9n el Centro Simon Wiesenthal pidieron esclarecer el hecho.<\/p>\n<p style=\"text-align: justify;\">Israel lament\u00f3 la muerte del fiscal, calificado como \u00abvaliente jurista\u00bb, y pidi\u00f3 a Argentina que prosiguiera con la investigaci\u00f3n de la causa.<\/p>\n","protected":false},"excerpt":{"rendered":"<p>AFP. Un arma de fuego fue encontrado junto al cad\u00e1ver del fiscal. FOTO: Noticias Argentinas \/AFP Los forenses que realizaron<\/p>\n","protected":false},"author":1,"featured_media":0,"comment_status":"open","ping_status":"open","sticky":false,"template":"","format":"standard","meta":{"footnotes":""},"categories":[7],"tags":[],"_links":{"self":[{"href":"https:\/\/www.ecuadoraldia.com.ec\/index.php?rest_route=\/wp\/v2\/posts\/7155"}],"collection":[{"href":"https:\/\/www.ecuadoraldia.com.ec\/index.php?rest_route=\/wp\/v2\/posts"}],"about":[{"href":"https:\/\/www.ecuadoraldia.com.ec\/index.php?rest_route=\/wp\/v2\/types\/post"}],"author":[{"embeddable":true,"href":"https:\/\/www.ecuadoraldia.com.ec\/index.php?rest_route=\/wp\/v2\/users\/1"}],"replies":[{"embeddable":true,"href":"https:\/\/www.ecuadoraldia.com.ec\/index.php?rest_route=%2Fwp%2Fv2%2Fcomments&post=7155"}],"version-history":[{"count":1,"href":"https:\/\/www.ecuadoraldia.com.ec\/index.php?rest_route=\/wp\/v2\/posts\/7155\/revisions"}],"predecessor-version":[{"id":7157,"href":"https:\/\/www.ecuadoraldia.com.ec\/index.php?rest_route=\/wp\/v2\/posts\/7155\/revisions\/7157"}],"wp:attachment":[{"href":"https:\/\/www.ecuadoraldia.com.ec\/index.php?rest_route=%2Fwp%2Fv2%2Fmedia&parent=7155"}],"wp:term":[{"taxonomy":"category","embeddable":true,"href":"https:\/\/www.ecuadoraldia.com.ec\/index.php?rest_route=%2Fwp%2Fv2%2Fcategories&post=7155"},{"taxonomy":"post_tag","embeddable":true,"href":"https:\/\/www.ecuadoraldia.com.ec\/index.php?rest_route=%2Fwp%2Fv2%2Ftags&post=7155"}],"curies":[{"name":"wp","href":"https:\/\/api.w.org\/{rel}","templated":true}]}}