{"id":7158,"date":"2015-01-20T00:02:06","date_gmt":"2015-01-20T00:02:06","guid":{"rendered":"http:\/\/www.ecuadoraldia.com.ec\/?p=7158"},"modified":"2015-01-20T00:02:06","modified_gmt":"2015-01-20T00:02:06","slug":"papa-francisco-confirma-sus-planes-de-visitar-ecuador-este-ano","status":"publish","type":"post","link":"https:\/\/www.ecuadoraldia.com.ec\/?p=7158","title":{"rendered":"Papa Francisco confirma sus planes de visitar Ecuador este a\u00f1o"},"content":{"rendered":"<p style=\"text-align: justify;\"><a href=\"http:\/\/www.ecuadoraldia.com.ec\/wp-content\/uploads\/2015\/01\/papa1.jpg\"><img loading=\"lazy\" decoding=\"async\" class=\"alignleft size-medium wp-image-7159\" src=\"http:\/\/www.ecuadoraldia.com.ec\/wp-content\/uploads\/2015\/01\/papa1-300x141.jpg\" alt=\"papa\" width=\"300\" height=\"141\" srcset=\"https:\/\/www.ecuadoraldia.com.ec\/wp-content\/uploads\/2015\/01\/papa1-300x141.jpg 300w, https:\/\/www.ecuadoraldia.com.ec\/wp-content\/uploads\/2015\/01\/papa1.jpg 635w\" sizes=\"(max-width: 300px) 100vw, 300px\" \/><\/a>Agencia AFP. El papa Francisco anunci\u00f3 este lunes que visitar\u00e1 Bolivia, Paraguay y Ecuador en 2015, en declaraciones a la prensa que lo acompa\u00f1aba en el vuelo de regreso de Sri Lanka y Filipinas.<\/p>\n<p style=\"text-align: justify;\">\u00abTengo el proyecto de visitar Bolivia, Paraguay y Ecuador este a\u00f1o\u00bb, afirm\u00f3 el papa argentino, sin precisar las fechas de su viaje a Am\u00e9rica Latina.<\/p>\n<p style=\"text-align: justify;\">Seg\u00fan adelant\u00f3 este lunes el presidente boliviano Evo Morales, el pont\u00edfice viajar\u00e1 en julio a Bolivia, aunque no espec\u00edfico cu\u00e1ntos d\u00edas permanecer\u00e1 en el pa\u00eds andino.<\/p>\n<p style=\"text-align: justify;\">\u00abEn el 2016 tengo el proyecto, pero no es nada seguro, de visitar Chile, Argentina y Uruguay\u00bb, agreg\u00f3 el Papa ante los cerca de 70 periodistas que lo acompa\u00f1aron en su intensa gira de seis d\u00edas a Sri Lanka y Filipinas, donde presidi\u00f3 el domingo la misa m\u00e1s multitudinaria de la historia reciente de la Iglesia.<\/p>\n<p style=\"text-align: justify;\">En la charla con la prensa, Francisco cont\u00f3 que este a\u00f1o est\u00e1 programando visitar tambi\u00e9n Estados Unidos y M\u00e9xico.<\/p>\n<p style=\"text-align: justify;\">Igualmente revel\u00f3 que est\u00e1 organizando su primer viaje a Africa, \u00abhacia finales de a\u00f1o\u00bb, para visitar Rep\u00fablica Centroafricana y Uganda.<\/p>\n<p style=\"text-align: justify;\">Con esos viajes, Francisco, que cumpli\u00f3 78 a\u00f1os en diciembre, quiere manifestar con gestos concretos su cercan\u00eda y solidaridad a poblaciones que se encuentran en la \u00abperiferia\u00bb del mundo y de la Iglesia.<\/p>\n","protected":false},"excerpt":{"rendered":"<p>Agencia AFP. El papa Francisco anunci\u00f3 este lunes que visitar\u00e1 Bolivia, Paraguay y Ecuador en 2015, en declaraciones a la<\/p>\n","protected":false},"author":1,"featured_media":0,"comment_status":"open","ping_status":"open","sticky":false,"template":"","format":"standard","meta":{"footnotes":""},"categories":[7],"tags":[],"_links":{"self":[{"href":"https:\/\/www.ecuadoraldia.com.ec\/index.php?rest_route=\/wp\/v2\/posts\/7158"}],"collection":[{"href":"https:\/\/www.ecuadoraldia.com.ec\/index.php?rest_route=\/wp\/v2\/posts"}],"about":[{"href":"https:\/\/www.ecuadoraldia.com.ec\/index.php?rest_route=\/wp\/v2\/types\/post"}],"author":[{"embeddable":true,"href":"https:\/\/www.ecuadoraldia.com.ec\/index.php?rest_route=\/wp\/v2\/users\/1"}],"replies":[{"embeddable":true,"href":"https:\/\/www.ecuadoraldia.com.ec\/index.php?rest_route=%2Fwp%2Fv2%2Fcomments&post=7158"}],"version-history":[{"count":1,"href":"https:\/\/www.ecuadoraldia.com.ec\/index.php?rest_route=\/wp\/v2\/posts\/7158\/revisions"}],"predecessor-version":[{"id":7160,"href":"https:\/\/www.ecuadoraldia.com.ec\/index.php?rest_route=\/wp\/v2\/posts\/7158\/revisions\/7160"}],"wp:attachment":[{"href":"https:\/\/www.ecuadoraldia.com.ec\/index.php?rest_route=%2Fwp%2Fv2%2Fmedia&parent=7158"}],"wp:term":[{"taxonomy":"category","embeddable":true,"href":"https:\/\/www.ecuadoraldia.com.ec\/index.php?rest_route=%2Fwp%2Fv2%2Fcategories&post=7158"},{"taxonomy":"post_tag","embeddable":true,"href":"https:\/\/www.ecuadoraldia.com.ec\/index.php?rest_route=%2Fwp%2Fv2%2Ftags&post=7158"}],"curies":[{"name":"wp","href":"https:\/\/api.w.org\/{rel}","templated":true}]}}