{"id":7164,"date":"2015-01-20T21:01:23","date_gmt":"2015-01-20T21:01:23","guid":{"rendered":"http:\/\/www.ecuadoraldia.com.ec\/?p=7164"},"modified":"2015-01-20T21:02:06","modified_gmt":"2015-01-20T21:02:06","slug":"7164","status":"publish","type":"post","link":"https:\/\/www.ecuadoraldia.com.ec\/?p=7164","title":{"rendered":"Correa: \u00abEn democracia los civiles definimos la pol\u00edtica de la defensa, pero sin suplantar a las FF.AA.\u00bb"},"content":{"rendered":"<p style=\"text-align: justify;\"><a href=\"http:\/\/www.ecuadoraldia.com.ec\/wp-content\/uploads\/2015\/01\/marina.jpg\"><img loading=\"lazy\" decoding=\"async\" class=\"alignleft size-medium wp-image-7165\" src=\"http:\/\/www.ecuadoraldia.com.ec\/wp-content\/uploads\/2015\/01\/marina-300x180.jpg\" alt=\"marina\" width=\"300\" height=\"180\" srcset=\"https:\/\/www.ecuadoraldia.com.ec\/wp-content\/uploads\/2015\/01\/marina-300x180.jpg 300w, https:\/\/www.ecuadoraldia.com.ec\/wp-content\/uploads\/2015\/01\/marina.jpg 450w\" sizes=\"(max-width: 300px) 100vw, 300px\" \/><\/a>El presidente de la Rep\u00fablica, Rafael Correa, llam\u00f3 este martes a los soldados a dejar atr\u00e1s posiciones caducas, al reiterar que no ha habido gobierno que se preocupe m\u00e1s por el bienestar integral de las Fuerzas Armadas que el de la Revoluci\u00f3n Ciudadana.<\/p>\n<p style=\"text-align: justify;\">En el marco de la ceremonia de relevo del mando en la Marina, el Mandatario record\u00f3 que su gobierno invirti\u00f3 $ 1.718 millones en atender a las FF.AA., casi 6 veces m\u00e1s que otros gobiernos (2000-2006), cuyos ministros de Defensa fueron militares en servicio pasivo.<\/p>\n<p style=\"text-align: justify;\">En el discurso, Correa reiter\u00f3 sus cr\u00edticas a quienes manejan un doble discurso en torno a los hechos del 30S, as\u00ed como a aquellos que dicen que se pretende debilitar a las FF.AA. con la enmienda constitucional, \u00abporque supuestamente queremos desviarla de su funci\u00f3n primordial\u00bb.<\/p>\n<p style=\"text-align: justify;\">\u00abLo que les molesta a ciertos representantes del pa\u00eds es que ya no son ellos los que ponen las condiciones, sino el poder civil con absoluta legitimidad democr\u00e1tica\u00bb, apunt\u00f3.<\/p>\n<p style=\"text-align: justify;\">\u00abCuestionan al poder civil, porque supuestamente no sabe de defensa. Un nuevo absurdo. Con ese criterio, nuestra ministra de Salud (Carina Vance), economista y una de las mejores de la historia, no pudiera serlo, pues no sabe hacer cirug\u00edas\u00bb, ejemplific\u00f3.<\/p>\n<p style=\"text-align: justify;\">\u00ab\u00bfQui\u00e9nes son los responsables de que los civiles no sepamos de defensa? \u00bfCu\u00e1ntos a\u00f1os nuestras FF.AA. manejaron el Instituto de Altos Estudios Nacionales (IAEN)? \u00bfCu\u00e1ntos civiles formaron en esa gran oportunidad que tuvieron en defensa?\u00bb, increp\u00f3 el gobernante.<\/p>\n<p style=\"text-align: justify;\">Lo que dice la propuesta de enmienda:<\/p>\n<p style=\"text-align: justify;\">\u00abQueridos soldados, j\u00f3venes, a huir de la mediocridad como de la peste. La falta de autocr\u00edtica es un claro s\u00edntoma de mediocridad. No se quiere entender que en democracia los civiles definimos la pol\u00edtica de la defensa, pero sin suplantar a las FF.AA. en sus acciones estrat\u00e9gicas y operativas inherentes a las acciones militares. Tener ministras y ministros civiles es uno de los cambios positivos para la patria y las propias Fuerzas Armadas. Ha sido uno de los grandes aciertos de nuestro gobierno\u00bb, subray\u00f3.<\/p>\n<p style=\"text-align: justify;\">\u00abCon los argumentos de ciertos oficiales de la vieja guardia, el presidente Juan Manuel Santos jam\u00e1s pudiese haber sido ministro de Defensa en Colombia (&#8230;) Estos argumentos son completamente absurdos, solo reflejan el intento de seguir concentrando el poder militar en ciertos sectores, y tambi\u00e9n reflejan un completo desprecio por la capacidad civil\u00bb, a\u00f1adi\u00f3.<\/p>\n<p style=\"text-align: justify;\">El Presidente manifest\u00f3 que hoy, al contradecir sus \u00abarcaicas ideas\u00bb sacan del \u00abba\u00fal del pasado\u00bb a los \u00abfantasmas de siempre\u00bb. De all\u00ed, dijo, que \u00abnos acusan que estamos contra la instituci\u00f3n y sus miembros\u00bb. Se refiri\u00f3 as\u00ed a las declaraciones ayer de dos oficiales retirados quienes, indic\u00f3, son \u00abconocidos pol\u00edticos opositores\u00bb.<\/p>\n<p style=\"text-align: justify;\">Correa dijo que lo que est\u00e1 en juego es qu\u00e9 tipo de sociedad queremos: una en que todav\u00eda se responda a los grupos de poder, en los que todav\u00eda unos son m\u00e1s importantes que otros; o la otra, donde se act\u00fae en funci\u00f3n del bien com\u00fan, del inter\u00e9s general, en base a la l\u00f3gica, a un proyecto nacional y no en base a presiones particulares.<\/p>\n<p style=\"text-align: justify;\">\u00abMientras yo sea presidente es esa segunda clase de sociedad que siempre buscar\u00e9\u00bb, apunt\u00f3 al llamar a los soldados a combatir por la patria sin esperar recompensa. \u00abEn el nuevo Ecuador nadie debe buscar ser m\u00e1s importante, todos debemos buscar ser \u00fatiles\u00bb, a\u00f1adi\u00f3.<\/p>\n<p style=\"text-align: justify;\">Cambio de mando en la Marina<\/p>\n<p style=\"text-align: justify;\">Esta ma\u00f1ana, Correa presidi\u00f3 el cambio de mando de la Marina, donde el vicealmirante Luis Jaramillo Arias fue relevado por Luis Santiago Ch\u00e1vez, tambi\u00e9n del mismo rango.<\/p>\n<p style=\"text-align: justify;\">Jaramillo, quien port\u00f3 el uniforme por 40 a\u00f1os, indic\u00f3 en su \u00faltimo discurso que \u00abagradezco la confianza depositada. Hoy puedo manifestar que el camino nos permiti\u00f3 crear una Marina altiva\u00bb. Tel\u00e9grafo<\/p>\n","protected":false},"excerpt":{"rendered":"<p>El presidente de la Rep\u00fablica, Rafael Correa, llam\u00f3 este martes a los soldados a dejar atr\u00e1s posiciones caducas, al reiterar<\/p>\n","protected":false},"author":1,"featured_media":0,"comment_status":"open","ping_status":"open","sticky":false,"template":"","format":"standard","meta":{"footnotes":""},"categories":[1],"tags":[],"_links":{"self":[{"href":"https:\/\/www.ecuadoraldia.com.ec\/index.php?rest_route=\/wp\/v2\/posts\/7164"}],"collection":[{"href":"https:\/\/www.ecuadoraldia.com.ec\/index.php?rest_route=\/wp\/v2\/posts"}],"about":[{"href":"https:\/\/www.ecuadoraldia.com.ec\/index.php?rest_route=\/wp\/v2\/types\/post"}],"author":[{"embeddable":true,"href":"https:\/\/www.ecuadoraldia.com.ec\/index.php?rest_route=\/wp\/v2\/users\/1"}],"replies":[{"embeddable":true,"href":"https:\/\/www.ecuadoraldia.com.ec\/index.php?rest_route=%2Fwp%2Fv2%2Fcomments&post=7164"}],"version-history":[{"count":2,"href":"https:\/\/www.ecuadoraldia.com.ec\/index.php?rest_route=\/wp\/v2\/posts\/7164\/revisions"}],"predecessor-version":[{"id":7167,"href":"https:\/\/www.ecuadoraldia.com.ec\/index.php?rest_route=\/wp\/v2\/posts\/7164\/revisions\/7167"}],"wp:attachment":[{"href":"https:\/\/www.ecuadoraldia.com.ec\/index.php?rest_route=%2Fwp%2Fv2%2Fmedia&parent=7164"}],"wp:term":[{"taxonomy":"category","embeddable":true,"href":"https:\/\/www.ecuadoraldia.com.ec\/index.php?rest_route=%2Fwp%2Fv2%2Fcategories&post=7164"},{"taxonomy":"post_tag","embeddable":true,"href":"https:\/\/www.ecuadoraldia.com.ec\/index.php?rest_route=%2Fwp%2Fv2%2Ftags&post=7164"}],"curies":[{"name":"wp","href":"https:\/\/api.w.org\/{rel}","templated":true}]}}