{"id":7173,"date":"2015-01-21T14:10:48","date_gmt":"2015-01-21T14:10:48","guid":{"rendered":"http:\/\/www.ecuadoraldia.com.ec\/?p=7173"},"modified":"2015-01-21T14:10:48","modified_gmt":"2015-01-21T14:10:48","slug":"cuba-y-ee-uu-se-sientan-en-la-mesa-para-preparar-sus-embajadas","status":"publish","type":"post","link":"https:\/\/www.ecuadoraldia.com.ec\/?p=7173","title":{"rendered":"Cuba y EE.UU se sientan en la mesa para preparar sus embajadas"},"content":{"rendered":"<p style=\"text-align: justify;\"><a href=\"http:\/\/www.ecuadoraldia.com.ec\/wp-content\/uploads\/2015\/01\/cubaeu.jpg\"><img loading=\"lazy\" decoding=\"async\" class=\"alignleft size-medium wp-image-7174\" src=\"http:\/\/www.ecuadoraldia.com.ec\/wp-content\/uploads\/2015\/01\/cubaeu-300x165.jpg\" alt=\"cubaeu\" width=\"300\" height=\"165\" srcset=\"https:\/\/www.ecuadoraldia.com.ec\/wp-content\/uploads\/2015\/01\/cubaeu-300x165.jpg 300w, https:\/\/www.ecuadoraldia.com.ec\/wp-content\/uploads\/2015\/01\/cubaeu.jpg 813w\" sizes=\"(max-width: 300px) 100vw, 300px\" \/><\/a>LA HABANA, AFP. La primera reuni\u00f3n de alto nivel en d\u00e9cadas entre Estados Unidos y Cuba comenzar\u00e1 este mi\u00e9rcoles en La Habana para preparar la hoja de ruta de la normalizaci\u00f3n de los lazos bilaterales y la reapertura de embajadas, tras dejar atr\u00e1s medio siglo de enemistad.<\/p>\n<p style=\"text-align: justify;\">Cinco semanas despu\u00e9s de la hist\u00f3rica reconciliaci\u00f3n anunciada por los presidentes Barack Obama y Ra\u00fal Castro, ambos pa\u00edses debatir\u00e1n complejos temas migratorios y los pasos para restablecer relaciones diplom\u00e1ticas, rotas en 1961. El embargo estadounidense sobre la Isla, vigente desde 1962, se mantendr\u00e1 por ahora pues solo puede ser eliminado por el Congreso.<\/p>\n<p style=\"text-align: justify;\">Cumpliendo el compromiso<\/p>\n<p style=\"text-align: justify;\">\u201cNo vamos con expectativas de cerrar todos los temas en estas primeras conversaciones\u201d, dijo a la prensa un alto funcionario del Departamento de Estado en Washington, expresando que \u201cel ritmo (del proceso) depende en buena medida del Gobierno cubano\u201d.<\/p>\n<p style=\"text-align: justify;\">\u201cEl compromiso con los derechos humanos y la democracia se mantendr\u00e1 en el centro de nuestra pol\u00edtica\u201d, indic\u00f3, negando que \u201cla normalizaci\u00f3n sea una recompensa\u201d a Cuba.<\/p>\n<p style=\"text-align: justify;\">Nadie impone nada<\/p>\n<p style=\"text-align: justify;\">La delegaci\u00f3n estadounidense la encabezar\u00e1 la subsecretaria de Estado para el Hemisferio Occidental, Roberta Jacobson, y su contraparte ser\u00e1 la directora de Estados Unidos de la Canciller\u00eda cubana, Josefina Vidal.<\/p>\n<p style=\"text-align: justify;\">\u201cEstas conversaciones ya no ser\u00e1n como antes: cuando se establecen relaciones diplom\u00e1ticas ya nadie impone nada. El embargo a Cuba fue dise\u00f1ado para cambiar el R\u00e9gimen, pero al establecer relaciones diplom\u00e1ticas con un pa\u00eds se reconoce a su Gobierno\u201d, explic\u00f3 el analista Peter Schechter, del Latin America Center del Atlantic Council, un centro de estudios estadounidense.<\/p>\n<p style=\"text-align: justify;\">Los temas<\/p>\n<p style=\"text-align: justify;\">\u201cLa conversaci\u00f3n deber\u00e1 centrarse inicialmente en las cuestiones m\u00e1s apremiantes para establecer las relaciones diplom\u00e1ticas, para despu\u00e9s avanzar a algunos de los temas centrales. Entre ellos, seguramente estar\u00e1 la flexibilizaci\u00f3n de normas sobre algunas libertades individuales; la situaci\u00f3n de la base de Guant\u00e1namo; y, tal vez el m\u00e1s complicado, el de las compensaciones\u201d por las propiedades norteamericanas nacionalizadas por Fidel Castro en los a\u00f1os 1960, agreg\u00f3 Schechter.<\/p>\n<p style=\"text-align: justify;\">Esta cita de dos d\u00edas estaba programada desde antes para abordar temas migratorios, pero fue elevada de categor\u00eda y ampliada su agenda tras la hist\u00f3rica decisi\u00f3n de normalizar las relaciones bilaterales, anunciada del 17 de diciembre.<\/p>\n<p style=\"text-align: justify;\">Revisi\u00f3n de lista terrorista<\/p>\n<p style=\"text-align: justify;\">\u201cYo creo que la visita de Roberta Jacobson es sin dudas hist\u00f3rica y traer\u00e1 cambios, pero es importante ser conscientes de que no se puede esperar milagros repentinos\u201d, declar\u00f3 Schechter.<\/p>\n<p style=\"text-align: justify;\">\u201cPienso que podr\u00e1n concretizar avances en el proceso para retirar a Cuba de la lista de pa\u00edses que patrocinan el terrorismo. Esto no es poca cosa porque la permanencia en esa lista le impide el acceso a instituciones financieras\u201d internacionales, a\u00f1adi\u00f3.<\/p>\n<p style=\"text-align: justify;\">El responsable del Departamento de Estado dijo que la revisi\u00f3n de la permanencia de Cuba en la lista \u201cest\u00e1 en proceso\u201d.<\/p>\n<p style=\"text-align: justify;\">Dos comportamientos<\/p>\n<p style=\"text-align: justify;\">Washington relaj\u00f3 la semana pasada algunas normas que tienen impacto directo en los bolsillos de miles de cubanos: aument\u00f3 de 500 a 2.000 d\u00f3lares por trimestre el dinero que los cubano-estadounidenses pueden enviar a sus familias en la Isla y flexibiliz\u00f3 los viajes a Cuba.<\/p>\n<p style=\"text-align: justify;\">Seg\u00fan el Departamento de Estado, el Gobierno comunista cubano ha tenido \u201cdos tipos de comportamiento\u201d, pues si bien liber\u00f3 a 53 presos pol\u00edticos, tambi\u00e9n reprimi\u00f3 una manifestaci\u00f3n convocada por una artista en La Habana el 30 de diciembre.<\/p>\n<p style=\"text-align: justify;\">Fidel, ausente<\/p>\n<p style=\"text-align: justify;\">\u00b0 El gran ausente de este acercamiento ha sido Fidel Castro, de 88 a\u00f1os, quien no lo ha comentado p\u00fablicamente ni asisti\u00f3 a la bienvenida de los tres agentes cubanos liberados por Washington en diciembre, lo que sigue alimentando rumores sobre su salud e, incluso, un probable deceso.<\/p>\n<p style=\"text-align: justify;\">Buque esp\u00eda ruso llega a La Habana<\/p>\n<p style=\"text-align: justify;\">\u00b0 El buque de inteligencia CCB-175 \u2018Viktor Leonov\u2019 de la Marina de Guerra de Rusia atrac\u00f3 ayer en La Habana, en la v\u00edspera de una hist\u00f3rica reuni\u00f3n entre Cuba y Estados Unidos para restablecer relaciones diplom\u00e1ticas.<\/p>\n<p style=\"text-align: justify;\">Este buque de reconocimiento, que navega con unos 200 tripulantes, entr\u00f3 en funciones en 1988 en la Flota del Mar Negro, con base en Sebastopol (Crimea), pero siete a\u00f1os despu\u00e9s fue transferido a la Flota Norte, seg\u00fan medios rusos.<br \/>\nNi las autoridades ni la prensa cubanas anunciaron el arribo del buque ruso.<br \/>\nReuniones<br \/>\nJacobson con disidentes<\/p>\n<p style=\"text-align: justify;\">\u00b0 Jacobson hablar\u00e1 con la prensa el viernes tras desayunar con disidentes, quienes no han ocultado su desaz\u00f3n por el cambio de la pol\u00edtica de Washington, que por d\u00e9cadas fue su principal aliado y fuente de financiamiento.<\/p>\n<p style=\"text-align: justify;\">\u00b0 Por otro lado, una delegaci\u00f3n de seis legisladores estadounidenses, encabezada por el senador dem\u00f3crata Patrick Leahy, cerr\u00f3 ayer una visita de dos d\u00edas a La Habana destinada a explorar v\u00edas de cooperaci\u00f3n, tras sostener un encuentro con una quincena de disidentes el domingo.<\/p>\n<p style=\"text-align: justify;\">\n\u00b0 Las reuniones Cuba-EE.UU., las de mayor nivel en casi cuatro d\u00e9cadas, se realizar\u00e1n en el Palacio de Convenciones de La Habana, sede de las negociaciones de paz entre el Gobierno de Colombia y la guerrilla FARC desde noviembre de 2012.<\/p>\n","protected":false},"excerpt":{"rendered":"<p>LA HABANA, AFP. La primera reuni\u00f3n de alto nivel en d\u00e9cadas entre Estados Unidos y Cuba comenzar\u00e1 este mi\u00e9rcoles en<\/p>\n","protected":false},"author":1,"featured_media":0,"comment_status":"open","ping_status":"open","sticky":false,"template":"","format":"standard","meta":{"footnotes":""},"categories":[7],"tags":[],"_links":{"self":[{"href":"https:\/\/www.ecuadoraldia.com.ec\/index.php?rest_route=\/wp\/v2\/posts\/7173"}],"collection":[{"href":"https:\/\/www.ecuadoraldia.com.ec\/index.php?rest_route=\/wp\/v2\/posts"}],"about":[{"href":"https:\/\/www.ecuadoraldia.com.ec\/index.php?rest_route=\/wp\/v2\/types\/post"}],"author":[{"embeddable":true,"href":"https:\/\/www.ecuadoraldia.com.ec\/index.php?rest_route=\/wp\/v2\/users\/1"}],"replies":[{"embeddable":true,"href":"https:\/\/www.ecuadoraldia.com.ec\/index.php?rest_route=%2Fwp%2Fv2%2Fcomments&post=7173"}],"version-history":[{"count":1,"href":"https:\/\/www.ecuadoraldia.com.ec\/index.php?rest_route=\/wp\/v2\/posts\/7173\/revisions"}],"predecessor-version":[{"id":7175,"href":"https:\/\/www.ecuadoraldia.com.ec\/index.php?rest_route=\/wp\/v2\/posts\/7173\/revisions\/7175"}],"wp:attachment":[{"href":"https:\/\/www.ecuadoraldia.com.ec\/index.php?rest_route=%2Fwp%2Fv2%2Fmedia&parent=7173"}],"wp:term":[{"taxonomy":"category","embeddable":true,"href":"https:\/\/www.ecuadoraldia.com.ec\/index.php?rest_route=%2Fwp%2Fv2%2Fcategories&post=7173"},{"taxonomy":"post_tag","embeddable":true,"href":"https:\/\/www.ecuadoraldia.com.ec\/index.php?rest_route=%2Fwp%2Fv2%2Ftags&post=7173"}],"curies":[{"name":"wp","href":"https:\/\/api.w.org\/{rel}","templated":true}]}}