{"id":7230,"date":"2015-01-24T00:13:16","date_gmt":"2015-01-24T00:13:16","guid":{"rendered":"http:\/\/www.ecuadoraldia.com.ec\/?p=7230"},"modified":"2015-01-24T00:18:39","modified_gmt":"2015-01-24T00:18:39","slug":"con-consulta-o-no-el-municipio-de-guayaquil-debera-asumir-la-competencia-del-transito-reitera-presidente-rafael-correa","status":"publish","type":"post","link":"https:\/\/www.ecuadoraldia.com.ec\/?p=7230","title":{"rendered":"Con consulta o no el Municipio de Guayaquil deber\u00e1 asumir la competencia del tr\u00e1nsito, reitera presidente Rafael Correa"},"content":{"rendered":"<figure id=\"attachment_7236\" aria-describedby=\"caption-attachment-7236\" style=\"width: 300px\" class=\"wp-caption alignleft\"><a href=\"http:\/\/www.ecuadoraldia.com.ec\/wp-content\/uploads\/2015\/01\/GABINETE_GONZANAMA.jpg\"><img loading=\"lazy\" decoding=\"async\" class=\"size-medium wp-image-7236\" src=\"http:\/\/www.ecuadoraldia.com.ec\/wp-content\/uploads\/2015\/01\/GABINETE_GONZANAMA-300x149.jpg\" alt=\"foto el telegrafo\" width=\"300\" height=\"149\" srcset=\"https:\/\/www.ecuadoraldia.com.ec\/wp-content\/uploads\/2015\/01\/GABINETE_GONZANAMA-300x149.jpg 300w, https:\/\/www.ecuadoraldia.com.ec\/wp-content\/uploads\/2015\/01\/GABINETE_GONZANAMA.jpg 450w\" sizes=\"(max-width: 300px) 100vw, 300px\" \/><\/a><figcaption id=\"caption-attachment-7236\" class=\"wp-caption-text\">foto el telegrafo<\/figcaption><\/figure>\n<p style=\"text-align: justify;\">Guayaquil, 23 ene (Andes).- El presidente Rafael Correa dijo este viernes que el Municipio de Guayaquil debe asumir la competencia del tr\u00e1nsito, que implica revisar las tarifas del transporte urbano, pese a una consulta popular que impulsa este cabildo para no contraer esa responsabilidad.<\/p>\n<p style=\"text-align: justify;\">\u201cQue consulten lo que quieran, eso es su problema, pero que quede claro que el transporte es su responsabilidad, y ah\u00ed tendr\u00e1n que ver si alzan el valor del pasaje o si subsidian\u201d, manifest\u00f3 el mandatario durante una entrevista en la localidad de Gonzanam\u00e1, en la fronteriza provincia de Loja (sur), donde se desarrolla el primer gabinete itinerante de este a\u00f1o.<\/p>\n<p style=\"text-align: justify;\">El jefe de Estado cuestion\u00f3 que seis de siete municipios catalogados por sus ingresos en la categor\u00eda A han asumido la competencia del tr\u00e1nsito sin reparos, pero solo Guayaquil, la ciudad m\u00e1s poblada de Ecuador (2,5 millones de habitantes) y una de las que m\u00e1s rentas percibe, a\u00fan no lo ha hecho desde 2003.<\/p>\n<p style=\"text-align: justify;\">\u201cEs evidente que algo pasa con Guayaquil y ten\u00eda que ser, est\u00e1n acostumbrados los socialcristianos (partido al que pertenece el opositor alcalde Jaime Nebot) a la autonom\u00eda a la carta. Entiendan que con la Revoluci\u00f3n Ciudadana eso se acab\u00f3 y cada quien tiene que asumir sus competencias\u00bb, sentenci\u00f3 Correa.<\/p>\n<p style=\"text-align: justify;\">Se\u00f1al\u00f3 que para no dejar desprotegida a Guayaquil de la seguridad vial, el Gobierno mantiene 1.300 vigilantes de tr\u00e1nsito pagados por el Estado. \u201cTenemos 1.300 vigilantes de tr\u00e1nsito pagados por todo el Ecuador, porque al se\u00f1or (Nebot) no le dio la gana de tener agentes civiles de tr\u00e1nsito, eso cuesta 27 millones de d\u00f3lares anuales\u201d, fustig\u00f3.<\/p>\n<p style=\"text-align: justify;\">El alcalde Nebot se reuni\u00f3 este jueves con supuestos dirigentes barriales para dise\u00f1ar la propuesta de pregunta para la consulta que impulsa en esta ciudad.<\/p>\n<p>&nbsp;<\/p>\n","protected":false},"excerpt":{"rendered":"<p>Guayaquil, 23 ene (Andes).- El presidente Rafael Correa dijo este viernes que el Municipio de Guayaquil debe asumir la competencia<\/p>\n","protected":false},"author":1,"featured_media":0,"comment_status":"open","ping_status":"open","sticky":false,"template":"","format":"standard","meta":{"footnotes":""},"categories":[4],"tags":[],"_links":{"self":[{"href":"https:\/\/www.ecuadoraldia.com.ec\/index.php?rest_route=\/wp\/v2\/posts\/7230"}],"collection":[{"href":"https:\/\/www.ecuadoraldia.com.ec\/index.php?rest_route=\/wp\/v2\/posts"}],"about":[{"href":"https:\/\/www.ecuadoraldia.com.ec\/index.php?rest_route=\/wp\/v2\/types\/post"}],"author":[{"embeddable":true,"href":"https:\/\/www.ecuadoraldia.com.ec\/index.php?rest_route=\/wp\/v2\/users\/1"}],"replies":[{"embeddable":true,"href":"https:\/\/www.ecuadoraldia.com.ec\/index.php?rest_route=%2Fwp%2Fv2%2Fcomments&post=7230"}],"version-history":[{"count":2,"href":"https:\/\/www.ecuadoraldia.com.ec\/index.php?rest_route=\/wp\/v2\/posts\/7230\/revisions"}],"predecessor-version":[{"id":7237,"href":"https:\/\/www.ecuadoraldia.com.ec\/index.php?rest_route=\/wp\/v2\/posts\/7230\/revisions\/7237"}],"wp:attachment":[{"href":"https:\/\/www.ecuadoraldia.com.ec\/index.php?rest_route=%2Fwp%2Fv2%2Fmedia&parent=7230"}],"wp:term":[{"taxonomy":"category","embeddable":true,"href":"https:\/\/www.ecuadoraldia.com.ec\/index.php?rest_route=%2Fwp%2Fv2%2Fcategories&post=7230"},{"taxonomy":"post_tag","embeddable":true,"href":"https:\/\/www.ecuadoraldia.com.ec\/index.php?rest_route=%2Fwp%2Fv2%2Ftags&post=7230"}],"curies":[{"name":"wp","href":"https:\/\/api.w.org\/{rel}","templated":true}]}}