{"id":7233,"date":"2015-01-24T00:17:14","date_gmt":"2015-01-24T00:17:14","guid":{"rendered":"http:\/\/www.ecuadoraldia.com.ec\/?p=7233"},"modified":"2015-01-24T00:17:14","modified_gmt":"2015-01-24T00:17:14","slug":"el-examen-nacional-para-la-educacion-superior-ya-no-es-un-requisito-para-graduarse","status":"publish","type":"post","link":"https:\/\/www.ecuadoraldia.com.ec\/?p=7233","title":{"rendered":"El Examen Nacional para la Educaci\u00f3n Superior ya no es un requisito para graduarse"},"content":{"rendered":"<p style=\"text-align: justify;\"><a href=\"http:\/\/www.ecuadoraldia.com.ec\/wp-content\/uploads\/2015\/01\/estudiantes.jpg\"><img loading=\"lazy\" decoding=\"async\" class=\"alignleft size-medium wp-image-7234\" src=\"http:\/\/www.ecuadoraldia.com.ec\/wp-content\/uploads\/2015\/01\/estudiantes-300x160.jpg\" alt=\"estudiantes\" width=\"300\" height=\"160\" srcset=\"https:\/\/www.ecuadoraldia.com.ec\/wp-content\/uploads\/2015\/01\/estudiantes-300x160.jpg 300w, https:\/\/www.ecuadoraldia.com.ec\/wp-content\/uploads\/2015\/01\/estudiantes.jpg 580w\" sizes=\"(max-width: 300px) 100vw, 300px\" \/><\/a>Quito, 22 ene (Andes).- La Secretar\u00eda de Educaci\u00f3n Superior, Ciencia, Tecnolog\u00eda e Innovaci\u00f3n (Senescyt) y el Ministerio de Educaci\u00f3n llegaron a un acuerdo interinstitucional que indica que el Examen Nacional para la Educaci\u00f3n Superior (ENES) ya no es un requisito para el grado de los estudiantes de \u00faltimo a\u00f1o de bachillerato.<\/p>\n<p style=\"text-align: justify;\">Desde ahora solo aquellos estudiantes interesados en acceder a la educaci\u00f3n superior p\u00fablica deber\u00e1n rendir dicho examen.<\/p>\n<p style=\"text-align: justify;\">El ministro de educaci\u00f3n, Augusto Espinosa, confirm\u00f3 este mi\u00e9rcoles que el examen ya no es obligatorio. \u201cEl ENES mide aptitudes y nosotros a trav\u00e9s del programa Soy bachiller vamos a tener un componente para medir aptitudes y tambi\u00e9n el componente de conocimiento que lo implementamos el a\u00f1o pasado\u201d.<\/p>\n<p style=\"text-align: justify;\">El Ministerio destaca que el ENES es una prueba de aptitud acad\u00e9mica que posibilita obtener informaci\u00f3n sobre las habilidades y destrezas que poseen los estudiantes que son necesarias para el \u00e9xito del postulante dentro del sistema educativo de pregrado. No es una prueba de conocimientos, los campos que explora son razonamiento verbal, num\u00e9rico y abstracto.<\/p>\n<p style=\"text-align: justify;\">Seg\u00fan Espinosa este a\u00f1o se implementar\u00e1n talleres de nivelaci\u00f3n para los estudiantes que rendir\u00e1n el ENES. \u201cLo que hacen estos cursos es familiarizar al estudiante con el tipo de evaluaci\u00f3n que toma la Senescyt\u201d, explic\u00f3.<\/p>\n<p style=\"text-align: justify;\">En estos cursos, que durar\u00e1n 150 horas, se har\u00e1n simulacros en los que los estudiantes practicar\u00e1n como dar la prueba y adem\u00e1s se mandar\u00e1 un banco de preguntas para que las estudien en casa.<\/p>\n<p style=\"text-align: justify;\">Los estudiantes que se hayan inscrito para rendir el ENES ser\u00e1n informados del inicio de los cursos de nivelaci\u00f3n a trav\u00e9s de sus correos electr\u00f3nicos. La nivelaci\u00f3n se dar\u00e1 en horas extraoficiales a los horarios de clases. Estos cursos iniciar\u00e1n el 18 de febrero y ser\u00e1n voluntarios, para quienes quieren nivelarse.<\/p>\n<p style=\"text-align: justify;\">Las inscripciones para el ENES estar\u00e1n abiertas del 15 de enero al 8 febrero. Durante este tiempo, los aspirantes deber\u00e1n crear una cuenta de usuario mediante la p\u00e1gina www.snna.gob.ec, ingresar la informaci\u00f3n personal que solicita el sistema y llenar la encuesta de contexto a partir del lunes 19 de enero.<\/p>\n<p style=\"text-align: justify;\">Una vez finalizada la inscripci\u00f3n los interesados estar\u00e1n habilitados para rendir el ENES el pr\u00f3ximo 21 de marzo, posteriormente realizar la postulaci\u00f3n y participar en la etapa de asignaci\u00f3n y aceptaci\u00f3n de cupo.<\/p>\n<p>&nbsp;<\/p>\n<p>&nbsp;<\/p>\n","protected":false},"excerpt":{"rendered":"<p>Quito, 22 ene (Andes).- La Secretar\u00eda de Educaci\u00f3n Superior, Ciencia, Tecnolog\u00eda e Innovaci\u00f3n (Senescyt) y el Ministerio de Educaci\u00f3n llegaron<\/p>\n","protected":false},"author":1,"featured_media":0,"comment_status":"open","ping_status":"open","sticky":false,"template":"","format":"standard","meta":{"footnotes":""},"categories":[4],"tags":[],"_links":{"self":[{"href":"https:\/\/www.ecuadoraldia.com.ec\/index.php?rest_route=\/wp\/v2\/posts\/7233"}],"collection":[{"href":"https:\/\/www.ecuadoraldia.com.ec\/index.php?rest_route=\/wp\/v2\/posts"}],"about":[{"href":"https:\/\/www.ecuadoraldia.com.ec\/index.php?rest_route=\/wp\/v2\/types\/post"}],"author":[{"embeddable":true,"href":"https:\/\/www.ecuadoraldia.com.ec\/index.php?rest_route=\/wp\/v2\/users\/1"}],"replies":[{"embeddable":true,"href":"https:\/\/www.ecuadoraldia.com.ec\/index.php?rest_route=%2Fwp%2Fv2%2Fcomments&post=7233"}],"version-history":[{"count":1,"href":"https:\/\/www.ecuadoraldia.com.ec\/index.php?rest_route=\/wp\/v2\/posts\/7233\/revisions"}],"predecessor-version":[{"id":7235,"href":"https:\/\/www.ecuadoraldia.com.ec\/index.php?rest_route=\/wp\/v2\/posts\/7233\/revisions\/7235"}],"wp:attachment":[{"href":"https:\/\/www.ecuadoraldia.com.ec\/index.php?rest_route=%2Fwp%2Fv2%2Fmedia&parent=7233"}],"wp:term":[{"taxonomy":"category","embeddable":true,"href":"https:\/\/www.ecuadoraldia.com.ec\/index.php?rest_route=%2Fwp%2Fv2%2Fcategories&post=7233"},{"taxonomy":"post_tag","embeddable":true,"href":"https:\/\/www.ecuadoraldia.com.ec\/index.php?rest_route=%2Fwp%2Fv2%2Ftags&post=7233"}],"curies":[{"name":"wp","href":"https:\/\/api.w.org\/{rel}","templated":true}]}}