{"id":7241,"date":"2015-01-24T00:23:43","date_gmt":"2015-01-24T00:23:43","guid":{"rendered":"http:\/\/www.ecuadoraldia.com.ec\/?p=7241"},"modified":"2015-01-24T00:23:43","modified_gmt":"2015-01-24T00:23:43","slug":"comision-de-justicia-exige-cuentas-sobre-aplicacion-de-ley-de-reparacion-a-victimas","status":"publish","type":"post","link":"https:\/\/www.ecuadoraldia.com.ec\/?p=7241","title":{"rendered":"Comisi\u00f3n de Justicia exige cuentas sobre aplicaci\u00f3n de Ley de Reparaci\u00f3n a V\u00edctimas"},"content":{"rendered":"<p style=\"text-align: justify;\"><a href=\"http:\/\/www.ecuadoraldia.com.ec\/wp-content\/uploads\/2015\/01\/comision-justicia.jpg\"><img loading=\"lazy\" decoding=\"async\" class=\"alignleft size-medium wp-image-7242\" src=\"http:\/\/www.ecuadoraldia.com.ec\/wp-content\/uploads\/2015\/01\/comision-justicia-300x199.jpg\" alt=\"comision justicia\" width=\"300\" height=\"199\" srcset=\"https:\/\/www.ecuadoraldia.com.ec\/wp-content\/uploads\/2015\/01\/comision-justicia-300x199.jpg 300w, https:\/\/www.ecuadoraldia.com.ec\/wp-content\/uploads\/2015\/01\/comision-justicia.jpg 450w\" sizes=\"(max-width: 300px) 100vw, 300px\" \/><\/a>Esta ma\u00f1ana, los integrantes del organismo conocieron un informe de la Comisi\u00f3n de Administraci\u00f3n Legislativa (CAL), en la que se exige la comparecencia de Ledy Zu\u00f1iga (Justicia); Galo Chiriboga (Fiscal\u00eda); Francisco Borja (Cultura), y de Jorge Troya (Registro Civil).<\/p>\n<p style=\"text-align: justify;\">El informe del CAL se\u00f1al\u00f3 que la Defensor\u00eda del Pueblo fue la \u00fanica instituci\u00f3n que present\u00f3 el informe completo de los resultados, aunque con retraso.<\/p>\n<p style=\"text-align: justify;\">En enero de 2013, la Asamblea aprob\u00f3 el proyecto de ley para la reparaci\u00f3n de las v\u00edctimas y la judicializaci\u00f3n de graves violaciones de derechos humanos y delitos de lesa humanidad, ocurridos en el Ecuador entre el 4 de octubre de 1983 y el 31 de diciembre de 2008.<\/p>\n<p style=\"text-align: justify;\">El 18 de noviembre de 2014, la presidenta de la Asamblea Nacional, Gabriela Rivadeneira, solicit\u00f3 informaci\u00f3n relacionada con el cumplimiento de las responsabilidades establecidas en la norma. No obstante, la disposici\u00f3n se cumpli\u00f3 de forma irregular.<\/p>\n<p style=\"text-align: justify;\">Acciones de las entidades<\/p>\n<p style=\"text-align: justify;\">Seg\u00fan la norma, las responsabilidades se establecieron de la siguiente manera: Ministerio de Justicia est\u00e1 encargado de expedir reglamentos para los procedimientos reparatorios, montos a cancelarse por indeminizaciones y las medidas para su cumplimiento.<\/p>\n<p style=\"text-align: justify;\">A la Fiscal\u00eda le corresponde establecer b\u00fasqueda, localizaci\u00f3n y liberaci\u00f3n de las personas desaparecidas que estar\u00e1 a cargo de la Polic\u00eda Nacional.<\/p>\n<p style=\"text-align: justify;\">Y en caso de fallecimiento se encargar\u00e1n de la exhumaci\u00f3n y restituci\u00f3n de sus restos a sus allegados. Por \u00faltimo, la judicializaci\u00f3n de los casos denunciados en el Informe de la Comisi\u00f3n de la Verdad.<\/p>\n<p style=\"text-align: justify;\">A la Defensor\u00eda del Pueblo le correspond\u00eda la creaci\u00f3n del Programa de Reparaci\u00f3n por v\u00eda administrativa para las v\u00edctimas de violaciones de Derechos Humanos, documentados por la Comisi\u00f3n de la Verdad. Adem\u00e1s de la elaboraci\u00f3n del reglamento de la Ley, en coordinaci\u00f3n con el Ministerio de Justicia.<\/p>\n<p style=\"text-align: justify;\">El Ministerio de Cultura ten\u00eda a su cargo la creaci\u00f3n del Museo de la Memoria. El Registro Civil, en cambio, deb\u00eda cumplir con la inscripci\u00f3n y modificaci\u00f3n del registro de nacimientos respecto a los apellidos materno y paterno de los hijos que fueron inscritos como hijos de otras personas para evitar que sean perseguidos.<\/p>\n<p style=\"text-align: justify;\">Establecimiento de comparecencias<\/p>\n<p style=\"text-align: justify;\">Una vez que se conoci\u00f3 el informe, Mauro Andino, presidente de la Comisi\u00f3n, indic\u00f3 que hasta el 30 de enero, sus integrantes podr\u00e1n formular un banco de hasta 10 preguntas para que los funcionarios que fueron convocados expliquen sobre el incumplimiento de la norma.<\/p>\n<p style=\"text-align: justify;\">El pr\u00f3ximo 4 de febrero se conocer\u00e1n las preguntas y se establecer\u00e1 un cronograma de comparecencias.<\/p>\n<p style=\"text-align: justify;\">El 11 de marzo, la Comisi\u00f3n recibir\u00eda a las autoridades. Despu\u00e9s, el 14 de marzo, se convocar\u00eda a una nueva sesi\u00f3n para conocer el borrador del informe con base a los debates.(el telegrafo)<\/p>\n<p>&nbsp;<\/p>\n","protected":false},"excerpt":{"rendered":"<p>Esta ma\u00f1ana, los integrantes del organismo conocieron un informe de la Comisi\u00f3n de Administraci\u00f3n Legislativa (CAL), en la que se<\/p>\n","protected":false},"author":1,"featured_media":0,"comment_status":"open","ping_status":"open","sticky":false,"template":"","format":"standard","meta":{"footnotes":""},"categories":[1],"tags":[],"_links":{"self":[{"href":"https:\/\/www.ecuadoraldia.com.ec\/index.php?rest_route=\/wp\/v2\/posts\/7241"}],"collection":[{"href":"https:\/\/www.ecuadoraldia.com.ec\/index.php?rest_route=\/wp\/v2\/posts"}],"about":[{"href":"https:\/\/www.ecuadoraldia.com.ec\/index.php?rest_route=\/wp\/v2\/types\/post"}],"author":[{"embeddable":true,"href":"https:\/\/www.ecuadoraldia.com.ec\/index.php?rest_route=\/wp\/v2\/users\/1"}],"replies":[{"embeddable":true,"href":"https:\/\/www.ecuadoraldia.com.ec\/index.php?rest_route=%2Fwp%2Fv2%2Fcomments&post=7241"}],"version-history":[{"count":1,"href":"https:\/\/www.ecuadoraldia.com.ec\/index.php?rest_route=\/wp\/v2\/posts\/7241\/revisions"}],"predecessor-version":[{"id":7243,"href":"https:\/\/www.ecuadoraldia.com.ec\/index.php?rest_route=\/wp\/v2\/posts\/7241\/revisions\/7243"}],"wp:attachment":[{"href":"https:\/\/www.ecuadoraldia.com.ec\/index.php?rest_route=%2Fwp%2Fv2%2Fmedia&parent=7241"}],"wp:term":[{"taxonomy":"category","embeddable":true,"href":"https:\/\/www.ecuadoraldia.com.ec\/index.php?rest_route=%2Fwp%2Fv2%2Fcategories&post=7241"},{"taxonomy":"post_tag","embeddable":true,"href":"https:\/\/www.ecuadoraldia.com.ec\/index.php?rest_route=%2Fwp%2Fv2%2Ftags&post=7241"}],"curies":[{"name":"wp","href":"https:\/\/api.w.org\/{rel}","templated":true}]}}