{"id":7244,"date":"2015-01-24T00:33:47","date_gmt":"2015-01-24T00:33:47","guid":{"rendered":"http:\/\/www.ecuadoraldia.com.ec\/?p=7244"},"modified":"2015-01-24T00:33:47","modified_gmt":"2015-01-24T00:33:47","slug":"desde-manana-opera-la-ruta-del-tren-otavalo-ibarra-salinas","status":"publish","type":"post","link":"https:\/\/www.ecuadoraldia.com.ec\/?p=7244","title":{"rendered":"Desde ma\u00f1ana opera la ruta del tren Otavalo-Ibarra-Salinas"},"content":{"rendered":"<p style=\"text-align: justify;\"><a href=\"http:\/\/www.ecuadoraldia.com.ec\/wp-content\/uploads\/2015\/01\/TRENOTAVALO.jpg\"><img loading=\"lazy\" decoding=\"async\" class=\"alignleft size-medium wp-image-7245\" src=\"http:\/\/www.ecuadoraldia.com.ec\/wp-content\/uploads\/2015\/01\/TRENOTAVALO-300x199.jpg\" alt=\"TRENOTAVALO\" width=\"300\" height=\"199\" srcset=\"https:\/\/www.ecuadoraldia.com.ec\/wp-content\/uploads\/2015\/01\/TRENOTAVALO-300x199.jpg 300w, https:\/\/www.ecuadoraldia.com.ec\/wp-content\/uploads\/2015\/01\/TRENOTAVALO.jpg 450w\" sizes=\"(max-width: 300px) 100vw, 300px\" \/><\/a>Este s\u00e1bado, 24 de enero, turistas nacionales y extranjeros inaugurar\u00e1n el tramo ferroviario Otavalo-Ibarra-Salinas. La jornada arrancar\u00e1 en dos modalidades tren+ bus y bus+ tren, inform\u00f3 la empresa p\u00fablica Ferrocarriles del Ecuador.<\/p>\n<p style=\"text-align: justify;\">El convoy dispone de cuatro coches para 30 pasajeros cada uno. Este realizar\u00e1 un recorrido de 57 km, en donde los viajeros podr\u00e1n admirar los paisajes andinos que ofrece la provincia de Imbabura.<\/p>\n<p style=\"text-align: justify;\">En la modalidad tren+bus, los asistentes iniciar\u00e1n el trayecto a las 08:00, desde la estaci\u00f3n de Otavalo. La primera parada del viaje es en la estaci\u00f3n San Roque. Los pasajeros recibir\u00e1n refrigerios elaborados por emprendedores de la zona.<\/p>\n<p style=\"text-align: justify;\">El itinerario contin\u00faa hasta la estaci\u00f3n Andrade Mar\u00edn. All\u00ed se podr\u00e1 visitar la F\u00e1brica Textil Imbabura, en donde se conocer\u00e1 la historia de los tejidos en el Ecuador, a trav\u00e9s de videos din\u00e1micos.<\/p>\n<p style=\"text-align: justify;\">La ruta sige hasta San Antonio y luego a Ibarra, para continuar hasta la estaci\u00f3n Hoja Blanca, que ofrece al p\u00fablico una sala interactiva, juegos digitales y visualizaci\u00f3n tecnol\u00f3gica de temas tur\u00edsticos del sector. La estaci\u00f3n es una puerta de ingreso a la Ciudad del Conocimiento, Yachay.<\/p>\n<p style=\"text-align: justify;\">Luego los visitantes llegar\u00e1n a Salinas, en donde disfrutar\u00e1n de una danza al ritmo de la bomba, de la Plaza Artesanal del Tren, del centro etnogr\u00e1fico y del Museo de Sal. El servicio incluye un almuerzo en el Palenque, un lugar acogedor que brinda alimentos tradicionales de la parroquia.<\/p>\n<p style=\"text-align: justify;\">A las 14:45 los viajeros visitar\u00e1n el Museo Arte Vista, de Nicol\u00e1s Herrera, ubicado en Yahuarcocha. Luego los talleres de artesan\u00edas en San Antonio de Ibarra. La operaci\u00f3n tur\u00edstica finaliza con el retorno a Otavalo.<\/p>\n<p style=\"text-align: justify;\">En la modalidad bus+ tren se parte de la estaci\u00f3n Otavalo a las 10:00. Los turistas realizar\u00e1n las mismas actividades, pero inician con la visita a Yahuarcocha y luego tienen el almuerzo en el hotel Imperio del Sol.(el telegrafo)<\/p>\n<p style=\"text-align: justify;\">El costo de la nueva propuesta turistica de la ruta Tren de la Libertad es de $ 50,40, todo incluido. Las personas con discapacidad y menores de edad pagar\u00e1n $ 39,18. (el telegrafo)<\/p>\n","protected":false},"excerpt":{"rendered":"<p>Este s\u00e1bado, 24 de enero, turistas nacionales y extranjeros inaugurar\u00e1n el tramo ferroviario Otavalo-Ibarra-Salinas. La jornada arrancar\u00e1 en dos modalidades<\/p>\n","protected":false},"author":1,"featured_media":0,"comment_status":"open","ping_status":"open","sticky":false,"template":"","format":"standard","meta":{"footnotes":""},"categories":[11],"tags":[],"_links":{"self":[{"href":"https:\/\/www.ecuadoraldia.com.ec\/index.php?rest_route=\/wp\/v2\/posts\/7244"}],"collection":[{"href":"https:\/\/www.ecuadoraldia.com.ec\/index.php?rest_route=\/wp\/v2\/posts"}],"about":[{"href":"https:\/\/www.ecuadoraldia.com.ec\/index.php?rest_route=\/wp\/v2\/types\/post"}],"author":[{"embeddable":true,"href":"https:\/\/www.ecuadoraldia.com.ec\/index.php?rest_route=\/wp\/v2\/users\/1"}],"replies":[{"embeddable":true,"href":"https:\/\/www.ecuadoraldia.com.ec\/index.php?rest_route=%2Fwp%2Fv2%2Fcomments&post=7244"}],"version-history":[{"count":1,"href":"https:\/\/www.ecuadoraldia.com.ec\/index.php?rest_route=\/wp\/v2\/posts\/7244\/revisions"}],"predecessor-version":[{"id":7246,"href":"https:\/\/www.ecuadoraldia.com.ec\/index.php?rest_route=\/wp\/v2\/posts\/7244\/revisions\/7246"}],"wp:attachment":[{"href":"https:\/\/www.ecuadoraldia.com.ec\/index.php?rest_route=%2Fwp%2Fv2%2Fmedia&parent=7244"}],"wp:term":[{"taxonomy":"category","embeddable":true,"href":"https:\/\/www.ecuadoraldia.com.ec\/index.php?rest_route=%2Fwp%2Fv2%2Fcategories&post=7244"},{"taxonomy":"post_tag","embeddable":true,"href":"https:\/\/www.ecuadoraldia.com.ec\/index.php?rest_route=%2Fwp%2Fv2%2Ftags&post=7244"}],"curies":[{"name":"wp","href":"https:\/\/api.w.org\/{rel}","templated":true}]}}