{"id":7253,"date":"2015-01-26T21:16:05","date_gmt":"2015-01-26T21:16:05","guid":{"rendered":"http:\/\/www.ecuadoraldia.com.ec\/?p=7253"},"modified":"2015-01-26T21:17:10","modified_gmt":"2015-01-26T21:17:10","slug":"siete-nuevos-jueces-asumieron-sus-cargos-en-la-corte-nacional-de-justicia","status":"publish","type":"post","link":"https:\/\/www.ecuadoraldia.com.ec\/?p=7253","title":{"rendered":"Siete nuevos jueces asumieron sus cargos en la Corte Nacional de Justicia"},"content":{"rendered":"<p style=\"text-align: justify;\"><a href=\"http:\/\/www.ecuadoraldia.com.ec\/wp-content\/uploads\/2015\/01\/jueces1.jpg\"><img loading=\"lazy\" decoding=\"async\" class=\"alignleft size-medium wp-image-7254\" src=\"http:\/\/www.ecuadoraldia.com.ec\/wp-content\/uploads\/2015\/01\/jueces1-300x199.jpg\" alt=\"jueces\" width=\"300\" height=\"199\" srcset=\"https:\/\/www.ecuadoraldia.com.ec\/wp-content\/uploads\/2015\/01\/jueces1-300x199.jpg 300w, https:\/\/www.ecuadoraldia.com.ec\/wp-content\/uploads\/2015\/01\/jueces1.jpg 450w\" sizes=\"(max-width: 300px) 100vw, 300px\" \/><\/a>Quito, 26 ene (Andes).- Con una ceremonia en el auditorio de la Corte Nacional de Justicia (CNJ), en el norte de Quito, las autoridades posesionaron este lunes a los siete nuevos jueces que resultaron mejor puntuados despu\u00e9s del concurso de m\u00e9ritos y oposici\u00f3n que organiz\u00f3 el Consejo de la Judicatura (CJ) para cumplir con el art\u00edculos 182 y 183 de la Constituci\u00f3n en los que se establece la renovaci\u00f3n parcial del m\u00e1ximo organismo de justicia.<\/p>\n<p style=\"text-align: justify;\">Jos\u00e9 Ter\u00e1n Su\u00e1rez, Ana Crespo Santos, Luis Enr\u00edquez Villacr\u00e9s, Miguel Jurado Fabara, Pablo Tinajero Delgado, Cynthia Guerrero Mosquera y Sylvia S\u00e1nchez Insuasti, son los nuevos magistrados que a partir de este lunes inician sus funciones en la Corte Nacional.<\/p>\n<p style=\"text-align: justify;\">El presidente del Consejo de la Judicatura, Gustavo Jalkh, destac\u00f3 la importancia y transparencia del proceso por el cual fueron seleccionados. \u201cNada es m\u00e1s democr\u00e1tico que esta renovaci\u00f3n a trav\u00e9s de dos procesos transparentes, t\u00e9cnicamente emprendidos, con impugnaci\u00f3n ciudadana y absolutamente pulcros\u201d, asegur\u00f3.<\/p>\n<p style=\"text-align: justify;\">Adem\u00e1s, pidi\u00f3 a los nuevos magistrados trabajar con \u201cresponsabilidad y profesionalismo, con prudencia y severidad, con patriotismo y honradez, protegiendo los derechos ciudadanos, con sabidur\u00eda para lograr que en sus sentencias impere siempre el Derecho y la justicia\u201d.<\/p>\n<p style=\"text-align: justify;\">Destac\u00f3 las calificaciones que obtuvieron cada uno de los jueces, \u201ctodas las calificaciones fueron superiores a 70 puntos. Esta Corte Nacional, con menos integrantes, hizo m\u00e1s en su conjunto, que cortes m\u00e1s numerosas\u201d.<\/p>\n<p style=\"text-align: justify;\">Asimismo indic\u00f3 que quienes han cuestionado el proceso de renovaci\u00f3n parcial de la CNJ no tienen raz\u00f3n ni argumentos jur\u00eddicos o t\u00e9cnicos. \u201cEsos pol\u00edticos dicen que no creen en los concursos. C\u00f3mo van a creer en los concursos y la meritocracia si en lo que creen es en el nombramiento a dedo que tanto a\u00f1oran y que tanto da\u00f1o hizo a la Funci\u00f3n Judicial\u201d, enfatiz\u00f3.<\/p>\n<p style=\"text-align: justify;\">Tambi\u00e9n expres\u00f3 la gratitud del CJ a los cuatro jueces que por el mecanismo constitucional de renovaci\u00f3n dejaron la Corte. \u201cSu desvinculaci\u00f3n es simplemente por la aplicaci\u00f3n de una normativa constitucional que no deja ninguna duda sobre el buen trabajo realizado por ellos. No dudo que seguir\u00e1n aportando al pa\u00eds con su conocimiento y experiencia desde otros espacios p\u00fablicos, privados o acad\u00e9micos\u201d.<\/p>\n<p style=\"text-align: justify;\">Por su parte Carlos Ram\u00edrez, actual presidente de la CNJ, reiter\u00f3 el compromiso de la instituci\u00f3n de seguir trabajando para que sus fallos sigan siendo referentes nacionales e internacionales de correcta administraci\u00f3n de justicia. \u201cEl objetivo es conseguir y construir un nuevo modelo de administraci\u00f3n de justicia, en donde actores, normas e instituciones nos conduzcan hacia la humanizaci\u00f3n del Derecho\u201d.<\/p>\n<p style=\"text-align: justify;\">La CNJ est\u00e1 integrada por 21 administradores de justicia, quienes fueron posesionados en enero de 2012, para un per\u00edodo de nueve a\u00f1os.<\/p>\n","protected":false},"excerpt":{"rendered":"<p>Quito, 26 ene (Andes).- Con una ceremonia en el auditorio de la Corte Nacional de Justicia (CNJ), en el norte<\/p>\n","protected":false},"author":1,"featured_media":0,"comment_status":"open","ping_status":"open","sticky":false,"template":"","format":"standard","meta":{"footnotes":""},"categories":[5],"tags":[],"_links":{"self":[{"href":"https:\/\/www.ecuadoraldia.com.ec\/index.php?rest_route=\/wp\/v2\/posts\/7253"}],"collection":[{"href":"https:\/\/www.ecuadoraldia.com.ec\/index.php?rest_route=\/wp\/v2\/posts"}],"about":[{"href":"https:\/\/www.ecuadoraldia.com.ec\/index.php?rest_route=\/wp\/v2\/types\/post"}],"author":[{"embeddable":true,"href":"https:\/\/www.ecuadoraldia.com.ec\/index.php?rest_route=\/wp\/v2\/users\/1"}],"replies":[{"embeddable":true,"href":"https:\/\/www.ecuadoraldia.com.ec\/index.php?rest_route=%2Fwp%2Fv2%2Fcomments&post=7253"}],"version-history":[{"count":2,"href":"https:\/\/www.ecuadoraldia.com.ec\/index.php?rest_route=\/wp\/v2\/posts\/7253\/revisions"}],"predecessor-version":[{"id":7256,"href":"https:\/\/www.ecuadoraldia.com.ec\/index.php?rest_route=\/wp\/v2\/posts\/7253\/revisions\/7256"}],"wp:attachment":[{"href":"https:\/\/www.ecuadoraldia.com.ec\/index.php?rest_route=%2Fwp%2Fv2%2Fmedia&parent=7253"}],"wp:term":[{"taxonomy":"category","embeddable":true,"href":"https:\/\/www.ecuadoraldia.com.ec\/index.php?rest_route=%2Fwp%2Fv2%2Fcategories&post=7253"},{"taxonomy":"post_tag","embeddable":true,"href":"https:\/\/www.ecuadoraldia.com.ec\/index.php?rest_route=%2Fwp%2Fv2%2Ftags&post=7253"}],"curies":[{"name":"wp","href":"https:\/\/api.w.org\/{rel}","templated":true}]}}