{"id":7257,"date":"2015-01-26T21:19:21","date_gmt":"2015-01-26T21:19:21","guid":{"rendered":"http:\/\/www.ecuadoraldia.com.ec\/?p=7257"},"modified":"2015-01-26T21:19:21","modified_gmt":"2015-01-26T21:19:21","slug":"presidente-correa-rinde-homenaje-a-heroes-del-cenepa-y-pide-a-ff-aa-no-dejarse-llevar-por-falsos-rumores","status":"publish","type":"post","link":"https:\/\/www.ecuadoraldia.com.ec\/?p=7257","title":{"rendered":"Presidente Correa, rinde homenaje a h\u00e9roes del Cenepa y pide a ff aa no dejarse llevar por falsos rumores"},"content":{"rendered":"<p style=\"text-align: justify;\"><a href=\"http:\/\/www.ecuadoraldia.com.ec\/wp-content\/uploads\/2015\/01\/correcen.jpg\"><img loading=\"lazy\" decoding=\"async\" class=\"alignleft size-medium wp-image-7258\" src=\"http:\/\/www.ecuadoraldia.com.ec\/wp-content\/uploads\/2015\/01\/correcen-300x141.jpg\" alt=\"correcen\" width=\"300\" height=\"141\" srcset=\"https:\/\/www.ecuadoraldia.com.ec\/wp-content\/uploads\/2015\/01\/correcen-300x141.jpg 300w, https:\/\/www.ecuadoraldia.com.ec\/wp-content\/uploads\/2015\/01\/correcen.jpg 635w\" sizes=\"(max-width: 300px) 100vw, 300px\" \/><\/a>\u00abLa gesta del Cenepa nos ayud\u00f3 a los ecuatorianos a comprender que la lucha por el bienestar de la patria supone incluso, ofrendar la propia vida\u00bb, expres\u00f3 el Primer Mandatario.<\/p>\n<p style=\"text-align: justify;\">\u00abEsa gesta militar nos dio la victoria por la paz. Las zonas ecuatorianas se colmaron de gloria. Nuestra profunda gratitud con esa generaci\u00f3n que nos colm\u00f3 de dignidad\u00bb, dijo euf\u00f3rico este lunes el presidente Rafael Correa, al iniciar su discurso durante la ceremonia castrense por los 20 a\u00f1os de la guerra contra Per\u00fa y el triunfo de nuestras Fuerzas Armadas en el Alto Cenepa.<\/p>\n<p style=\"text-align: justify;\">Uno a uno entonces fue citando los nombres de los 33 militares ca\u00eddos, asimismo rindi\u00f3 tributo a los 136 militares que obtuvieron la \u00abCruz de Guerra\u00bb, heridos y soldados que se desplegaron en la frontera, tras lo cual resalt\u00f3: \u00abJamas olvidaremos sus sacrificios y nunca dejaremos solos a sus familiares\u00bb.<\/p>\n<p style=\"text-align: justify;\">Lament\u00f3 que por d\u00e9cadas la guerra entre Ecuador y Pe\u0155u solo sirvi\u00f3 para \u00abperpetuar el dolor y la pobreza entre nuestros pueblos\u00bb.<\/p>\n<p style=\"text-align: justify;\">Reconoci\u00f3 el valor pol\u00edtico de las autoridades de ese entonces para firmar la paz, lo que ha tra\u00eddo desarrollo fronterizo entre ambos pa\u00edses y la paz en la regi\u00f3n. Incluso, indic\u00f3 que de una u otra forma eso condujo a delimitar para siempre nuestras fronteras terrestres y marinas.<\/p>\n<p style=\"text-align: justify;\">A decir de Correa, desde 2007 en que lleg\u00f3 al poder, ha dado un gran impulso para que avancen los acuerdos de paz, a la vez que ha permitido dotar de servicios vitales a m\u00e1s de 4.000 localidades de la frontera y atenderlos en temas de salud, educaci\u00f3n, seguridad y defensa, y con el proceso binacional de desminado humanitario en m\u00e1s de 11.000 metros.<\/p>\n<p style=\"text-align: justify;\">\u00abAngostura nunca m\u00e1s\u00bb<\/p>\n<p style=\"text-align: justify;\">El Primer Mandatario fue enf\u00e1tico en se\u00f1alar que la desatenci\u00f3n a nuestras Fuerzas Armadas tras la firma de la paz fue una irresponsabilidad e ingratitud de los gobiernos posteriores, record\u00f3 que ello nos llev\u00f3 a no detectar a tiempo el bombardeo de las fuerzas militares colombianas en Angostura (Sucumb\u00edos).<\/p>\n<p style=\"text-align: justify;\">\u00abAngostura nunca m\u00e1s, y nunca m\u00e1s nos tomar\u00e1n por sorpresa\u00bb, dijo, y resalt\u00f3 la capacidad operativa de nuestras fuerzas, con decenas de helic\u00f3pteros. Destac\u00f3 la inversion que ha hecho su Gobierno durante estos a\u00f1os en equipar a nuestras Fuerzas Armadas: $ 1.700 millones.<\/p>\n<p style=\"text-align: justify;\">Indic\u00f3 que Ecuador desde 2008 encabeza en la regi\u00f3n la inversi\u00f3n en atender a sus Fuerzas Armadas no solo en equiparlas, sino en atender a sus militares, gracias a lo cual ahora tienes los sueldos m\u00e1s altos de los militares de Latinoam\u00e9rica.<\/p>\n<p style=\"text-align: justify;\">\u00abSeguiremos trabajando por esos soldados tomando en cuenta que son seres humanos, para lo cual se construir\u00e1n nuevas viviendas fiscales para ellos y sus familias\u00bb, a\u00f1adi\u00f3, pero a su vez pidi\u00f3 a los militares no dejarse enga\u00f1ar y manipular por la oposici\u00f3n que ha vuelto a difundir rumores falsos de que se busca debilitar a las Fuerzas Armadas y hacer desaparecer el Instituto de Seguridad Social de las Fuerzas Armadas (ISSFA), a trav\u00e9s de las enmiendas constitucionales.<\/p>\n<p style=\"text-align: justify;\">\u00abPor favor entiendan a lo que nos enfrentamos\u00bb, indic\u00f3, y denunci\u00f3 que ahora se est\u00e1n sembrando los mismos rumores que llevaron a los hechos del 30 de septiembre de 2010 (30S), que con la complicidad de cierta prensa busc\u00f3 acabar con su Gobierno, con su vida y con la democracia.<\/p>\n<p style=\"text-align: justify;\">Resalt\u00f3 que las Fuerzas Armadas est\u00e1n sujetas al poder soberano, al poder civil y a la Constituci\u00f3n del Estado, lo que debe ser acatado \u00absin condiciones\u00bb.<\/p>\n<p style=\"text-align: justify;\">Invit\u00f3 finalmente \u00aba combatir por la patria sin esperar recompensa. Basta de las hirientes diferencias entre oficialidad y tropa, en comida, educaci\u00f3n, cesant\u00eda, que haya equidad. Ojal\u00e1 nunca m\u00e1s un militar latinoamericano tenga que disparar contra otro latino, la guerra del Alto Cenepa debe llevarnos a profundizar la paz no solo entre Ecuador y Per\u00fa, sino en la regi\u00f3n\u00bb.<\/p>\n<p style=\"text-align: justify;\">De la ceremonia castrense, que empez\u00f3 a las 08:30 en el estadio de la Escuela Superior Militar Eloy Alfaro, ubicada en Parcayacu, en el norte de Quito, participaron el ministro de Defensa, Fernando Cordero, el Jefe del Comando Conjunto de las Fuerzas Armadas, Luis Garz\u00f3n Narv\u00e1ez, y autoridades civiles, eclesi\u00e1sticas, diplom\u00e1ticas, familiares de los h\u00e9roes del Cenepa, entre otros.<\/p>\n<p style=\"text-align: justify;\">Antes y durante la ceremonia se dieron diversos actos, en los que participaron: el Escuadr\u00f3n de Gu\u00edas de Canes; cuerpos de \u00e9lite con ejercicios de destreza y habilidad; paracaidistas del Grupo de Fuerza Especiales No. 9 Patria; desfile de arreglos florales con los 33 nombres de los militares muertos en ese conflicto; representantes de los sobrevivientes; miembros de la Fuerza Naval; del Ej\u00e9rcito; de los \u00abDiablos de la Selva (Iwias); entre otros.<\/p>\n<p style=\"text-align: justify;\">Bajo el lema Cenepa, victoria de la paz, libre de conflictos con el vecino pa\u00eds del sur se dio el evento, en donde se destac\u00f3 que solo unidos se pudo alcanzar un legado de honor y dignidad para el Ecuador.<\/p>\n<p style=\"text-align: justify;\">Todo ello se efectu\u00f3 bajo un gran dispositivo de seguridad que incluy\u00f3 la vigilancia a\u00e9rea de drones y el sobrevuelo de aviones caza, Super Tucano y helic\u00f3pteros.(Tel\u00e9grafo)<\/p>\n","protected":false},"excerpt":{"rendered":"<p>\u00abLa gesta del Cenepa nos ayud\u00f3 a los ecuatorianos a comprender que la lucha por el bienestar de la patria<\/p>\n","protected":false},"author":1,"featured_media":0,"comment_status":"open","ping_status":"open","sticky":false,"template":"","format":"standard","meta":{"footnotes":""},"categories":[1],"tags":[],"_links":{"self":[{"href":"https:\/\/www.ecuadoraldia.com.ec\/index.php?rest_route=\/wp\/v2\/posts\/7257"}],"collection":[{"href":"https:\/\/www.ecuadoraldia.com.ec\/index.php?rest_route=\/wp\/v2\/posts"}],"about":[{"href":"https:\/\/www.ecuadoraldia.com.ec\/index.php?rest_route=\/wp\/v2\/types\/post"}],"author":[{"embeddable":true,"href":"https:\/\/www.ecuadoraldia.com.ec\/index.php?rest_route=\/wp\/v2\/users\/1"}],"replies":[{"embeddable":true,"href":"https:\/\/www.ecuadoraldia.com.ec\/index.php?rest_route=%2Fwp%2Fv2%2Fcomments&post=7257"}],"version-history":[{"count":1,"href":"https:\/\/www.ecuadoraldia.com.ec\/index.php?rest_route=\/wp\/v2\/posts\/7257\/revisions"}],"predecessor-version":[{"id":7259,"href":"https:\/\/www.ecuadoraldia.com.ec\/index.php?rest_route=\/wp\/v2\/posts\/7257\/revisions\/7259"}],"wp:attachment":[{"href":"https:\/\/www.ecuadoraldia.com.ec\/index.php?rest_route=%2Fwp%2Fv2%2Fmedia&parent=7257"}],"wp:term":[{"taxonomy":"category","embeddable":true,"href":"https:\/\/www.ecuadoraldia.com.ec\/index.php?rest_route=%2Fwp%2Fv2%2Fcategories&post=7257"},{"taxonomy":"post_tag","embeddable":true,"href":"https:\/\/www.ecuadoraldia.com.ec\/index.php?rest_route=%2Fwp%2Fv2%2Ftags&post=7257"}],"curies":[{"name":"wp","href":"https:\/\/api.w.org\/{rel}","templated":true}]}}