{"id":7260,"date":"2015-01-26T21:23:19","date_gmt":"2015-01-26T21:23:19","guid":{"rendered":"http:\/\/www.ecuadoraldia.com.ec\/?p=7260"},"modified":"2015-01-26T21:23:19","modified_gmt":"2015-01-26T21:23:19","slug":"la-desercion-escolar-en-ecuador-es-cada-vez-menor-destaca-el-ministerio-de-educacion","status":"publish","type":"post","link":"https:\/\/www.ecuadoraldia.com.ec\/?p=7260","title":{"rendered":"La deserci\u00f3n escolar en Ecuador es cada vez menor, destaca el Ministerio de Educaci\u00f3n"},"content":{"rendered":"<p style=\"text-align: justify;\"><a href=\"http:\/\/www.ecuadoraldia.com.ec\/wp-content\/uploads\/2015\/01\/esct.jpg\"><img loading=\"lazy\" decoding=\"async\" class=\"alignleft size-medium wp-image-7261\" src=\"http:\/\/www.ecuadoraldia.com.ec\/wp-content\/uploads\/2015\/01\/esct-300x200.jpg\" alt=\"esct\" width=\"300\" height=\"200\" srcset=\"https:\/\/www.ecuadoraldia.com.ec\/wp-content\/uploads\/2015\/01\/esct-300x200.jpg 300w, https:\/\/www.ecuadoraldia.com.ec\/wp-content\/uploads\/2015\/01\/esct.jpg 580w\" sizes=\"(max-width: 300px) 100vw, 300px\" \/><\/a>Quito, 26 ene (Andes).- El ministro de educaci\u00f3n, Augusto Espinosa, destac\u00f3 que la deserci\u00f3n escolar es cada vez menor en el Ecuador y que se est\u00e1n ejecutando estrategias para universalizar la educaci\u00f3n.<\/p>\n<p style=\"text-align: justify;\">En una charla con la prensa, Espinosa explic\u00f3 que cada vez hay menos ni\u00f1os en la calle y m\u00e1s matriculados en la escuela. Asegur\u00f3 que la taza de asistencia en Educaci\u00f3n General B\u00e1sica (EGB) pas\u00f3 de 91%, en 2006, al 96,2%, en 2014, mientras que en el bachillerato la taza de asistencia pas\u00f3 del 47,9%, en 2006, al 65%, en 2014.<\/p>\n<p style=\"text-align: justify;\">El s\u00e1bado 24 de enero culmin\u00f3 la Fase inscribe para el ciclo costa que dej\u00f3 los siguientes datos: las matr\u00edculas en educaci\u00f3n inicial aumentaron en 40,93%, en primero de EGB tuvieron un crecimiento del 12,47%, mientras que de segundo de EGB a tercero de bachillerato existe un incremento de matr\u00edcula del 10,80%.<\/p>\n<p style=\"text-align: justify;\">Seg\u00fan Espinosa otro dato sumamente relevante es el traslado que existe de los estudiantes desde establecimientos privados, municipales y fiscomisionales hacia el sistema fiscal.<\/p>\n<p style=\"text-align: justify;\">\u201cUn total de 34.891 estudiantes que estaban en el sistema privado se han inscrito en el sistema fiscal\u201d, destac\u00f3 el ministro y adem\u00e1s recalc\u00f3 que esto muestra la confianza de los padres en el sistema p\u00fablico de educaci\u00f3n, \u201cque va mejorando cada d\u00eda\u201d.<\/p>\n<p style=\"text-align: justify;\">El ministro explic\u00f3 que con estos resultados se ha conseguido universalizar la EGB y que ahora el reto del Ministerio de Educaci\u00f3n es alcanzar la universalizaci\u00f3n del bachillerato.<\/p>\n<p style=\"text-align: justify;\">Con este fin se emprender\u00e1n dos acciones concretas: la primera es ampliar la oferta de bachillerato a todas las instituciones del pa\u00eds y fortalecer el Bachillerato T\u00e9cnico en 24 establecimientos educativos del Ecuador.<\/p>\n<p style=\"text-align: justify;\">Recalc\u00f3 que el Plan Integral de prevenci\u00f3n, seguridad y acompa\u00f1amiento estudiantil que se lanz\u00f3 la semana pasada, tambi\u00e9n ayudar\u00e1 a reducir la deserci\u00f3n escolar.<\/p>\n<p style=\"text-align: justify;\">\u201cLa implementaci\u00f3n de la comunidad educativa en l\u00ednea nos permitir\u00e1 monitorear la asistencia y actuar cuando alguien no este yendo a clases, y los Departamentos de Consejer\u00eda Estudiantil (DECE) nos ayudar\u00e1n a dar seguimiento a los estudiantes\u201d, dijo Espinosa.<\/p>\n<p style=\"text-align: justify;\">En este sentido, el Ministerio de Educaci\u00f3n informar\u00e1 cada semana sobre los avances que se haga en esta \u00e1rea. Hasta el momento se han instalado 85 c\u00e1maras de seguridad fuera de los establecimientos educativos para garantizar la seguridad de los estudiantes.<\/p>\n<p style=\"text-align: justify;\">El plan consiste en instalar 15 c\u00e1maras por semana. EL plan es que 735 instituciones del pa\u00eds las tengan instaladas hasta finales de 2015. Las c\u00e1maras se monitorear\u00e1n desde el ECU 911<\/p>\n","protected":false},"excerpt":{"rendered":"<p>Quito, 26 ene (Andes).- El ministro de educaci\u00f3n, Augusto Espinosa, destac\u00f3 que la deserci\u00f3n escolar es cada vez menor en<\/p>\n","protected":false},"author":1,"featured_media":0,"comment_status":"open","ping_status":"open","sticky":false,"template":"","format":"standard","meta":{"footnotes":""},"categories":[4],"tags":[],"_links":{"self":[{"href":"https:\/\/www.ecuadoraldia.com.ec\/index.php?rest_route=\/wp\/v2\/posts\/7260"}],"collection":[{"href":"https:\/\/www.ecuadoraldia.com.ec\/index.php?rest_route=\/wp\/v2\/posts"}],"about":[{"href":"https:\/\/www.ecuadoraldia.com.ec\/index.php?rest_route=\/wp\/v2\/types\/post"}],"author":[{"embeddable":true,"href":"https:\/\/www.ecuadoraldia.com.ec\/index.php?rest_route=\/wp\/v2\/users\/1"}],"replies":[{"embeddable":true,"href":"https:\/\/www.ecuadoraldia.com.ec\/index.php?rest_route=%2Fwp%2Fv2%2Fcomments&post=7260"}],"version-history":[{"count":1,"href":"https:\/\/www.ecuadoraldia.com.ec\/index.php?rest_route=\/wp\/v2\/posts\/7260\/revisions"}],"predecessor-version":[{"id":7262,"href":"https:\/\/www.ecuadoraldia.com.ec\/index.php?rest_route=\/wp\/v2\/posts\/7260\/revisions\/7262"}],"wp:attachment":[{"href":"https:\/\/www.ecuadoraldia.com.ec\/index.php?rest_route=%2Fwp%2Fv2%2Fmedia&parent=7260"}],"wp:term":[{"taxonomy":"category","embeddable":true,"href":"https:\/\/www.ecuadoraldia.com.ec\/index.php?rest_route=%2Fwp%2Fv2%2Fcategories&post=7260"},{"taxonomy":"post_tag","embeddable":true,"href":"https:\/\/www.ecuadoraldia.com.ec\/index.php?rest_route=%2Fwp%2Fv2%2Ftags&post=7260"}],"curies":[{"name":"wp","href":"https:\/\/api.w.org\/{rel}","templated":true}]}}