{"id":7263,"date":"2015-01-26T21:25:54","date_gmt":"2015-01-26T21:25:54","guid":{"rendered":"http:\/\/www.ecuadoraldia.com.ec\/?p=7263"},"modified":"2015-01-26T21:25:54","modified_gmt":"2015-01-26T21:25:54","slug":"reformas-al-codigo-de-la-democracia-se-enfocaran-en-aspectos-tecnicos","status":"publish","type":"post","link":"https:\/\/www.ecuadoraldia.com.ec\/?p=7263","title":{"rendered":"Reformas al C\u00f3digo de la Democracia se enfocar\u00e1n en aspectos t\u00e9cnicos"},"content":{"rendered":"<p style=\"text-align: justify;\"><a href=\"http:\/\/www.ecuadoraldia.com.ec\/wp-content\/uploads\/2015\/01\/cne.jpg\"><img loading=\"lazy\" decoding=\"async\" class=\"alignleft size-medium wp-image-7264\" src=\"http:\/\/www.ecuadoraldia.com.ec\/wp-content\/uploads\/2015\/01\/cne-300x192.jpg\" alt=\"cne\" width=\"300\" height=\"192\" srcset=\"https:\/\/www.ecuadoraldia.com.ec\/wp-content\/uploads\/2015\/01\/cne-300x192.jpg 300w, https:\/\/www.ecuadoraldia.com.ec\/wp-content\/uploads\/2015\/01\/cne.jpg 450w\" sizes=\"(max-width: 300px) 100vw, 300px\" \/><\/a>El Consejo Nacional Electoral (CNE) y el Tribunal Contencioso Electoral (TCE) alistar\u00e1n desde marzo las reformas al C\u00f3digo de la Democracia que, seg\u00fan los representantes de estos organismos, ser\u00edan \u00abt\u00e9cnicas\u00bb.<\/p>\n<p style=\"text-align: justify;\">Esta ma\u00f1ana, los presidentes de ambos organismos, Juan Pablo Pozo, en representaci\u00f3n del CNE y Patricio Baca, del TCE, firmaron un convenio entre las 2 instituciones para fortalecer la funci\u00f3n electoral.<\/p>\n<p style=\"text-align: justify;\">Baca dijo que tras el feriado de carnaval se tiene previsto realizar un taller para analizar las propuestas a las reformas al C\u00f3digo de la Democracia, luego \u00abtrazaremos una hoja de ruta para llegar hasta la Asamblea Nacional con una propuesta firme como funci\u00f3n electoral que nos va a permitir participar directamente en esas discusiones\u201d, apunt\u00f3.<\/p>\n<p style=\"text-align: justify;\">El presidente del TCE explic\u00f3 que la instituci\u00f3n que preside se encargar\u00e1 de analizar los cambios en la parte jurisdiccional. \u201cHemos detectado unas 30 reformas t\u00e9cnicas en el punto de vista que nos compete, la parte jurisdiccional, que tienen relaci\u00f3n con la tramitaci\u00f3n de causas o los tiempos para conocer y resolver los procesos\u201d, acot\u00f3.<\/p>\n<p style=\"text-align: justify;\">En cambio, Juan Pablo Pozo, representante del CNE, sostuvo que tras casi 3 a\u00f1os de la \u00fanica reforma que tuvo el C\u00f3digo se han detectado al menos \u201c74 posibles cambios que tiene esta norma como ambig\u00fcedades y contradicciones, en especial en temas t\u00e9cnicos\u201d.<\/p>\n<p style=\"text-align: justify;\">A criterio de Pozo, no habr\u00eda claridad en el tratamiento a las juntas intermedias de escrutinio, diferencias entre movimientos y partidos pol\u00edticos, en las etapas del proceso electoral y postelectoral, por lo que esperan que el trabajo de las 2 agrupaciones salga fortalecido tras los talleres que se realizar\u00e1n.<\/p>\n<p style=\"text-align: justify;\">El presidente del CNE aclar\u00f3 que el proceso de reformas deber\u00eda iniciarse en julio de este a\u00f1o y finalizar m\u00e1ximo hasta febrero de 2016, ya que existe un candado que proh\u00edbe que se realicen reformas electorales un a\u00f1o antes de las elecciones, que estar\u00edan previstas para febrero de 2017.<\/p>\n<p style=\"text-align: justify;\">El convenio incluye capacitaciones, programas, talleres e investigaciones para as\u00ed fortalecer la funci\u00f3n electoral.(TELEGRAFO)<\/p>\n","protected":false},"excerpt":{"rendered":"<p>El Consejo Nacional Electoral (CNE) y el Tribunal Contencioso Electoral (TCE) alistar\u00e1n desde marzo las reformas al C\u00f3digo de la<\/p>\n","protected":false},"author":1,"featured_media":0,"comment_status":"open","ping_status":"open","sticky":false,"template":"","format":"standard","meta":{"footnotes":""},"categories":[3],"tags":[],"_links":{"self":[{"href":"https:\/\/www.ecuadoraldia.com.ec\/index.php?rest_route=\/wp\/v2\/posts\/7263"}],"collection":[{"href":"https:\/\/www.ecuadoraldia.com.ec\/index.php?rest_route=\/wp\/v2\/posts"}],"about":[{"href":"https:\/\/www.ecuadoraldia.com.ec\/index.php?rest_route=\/wp\/v2\/types\/post"}],"author":[{"embeddable":true,"href":"https:\/\/www.ecuadoraldia.com.ec\/index.php?rest_route=\/wp\/v2\/users\/1"}],"replies":[{"embeddable":true,"href":"https:\/\/www.ecuadoraldia.com.ec\/index.php?rest_route=%2Fwp%2Fv2%2Fcomments&post=7263"}],"version-history":[{"count":1,"href":"https:\/\/www.ecuadoraldia.com.ec\/index.php?rest_route=\/wp\/v2\/posts\/7263\/revisions"}],"predecessor-version":[{"id":7265,"href":"https:\/\/www.ecuadoraldia.com.ec\/index.php?rest_route=\/wp\/v2\/posts\/7263\/revisions\/7265"}],"wp:attachment":[{"href":"https:\/\/www.ecuadoraldia.com.ec\/index.php?rest_route=%2Fwp%2Fv2%2Fmedia&parent=7263"}],"wp:term":[{"taxonomy":"category","embeddable":true,"href":"https:\/\/www.ecuadoraldia.com.ec\/index.php?rest_route=%2Fwp%2Fv2%2Fcategories&post=7263"},{"taxonomy":"post_tag","embeddable":true,"href":"https:\/\/www.ecuadoraldia.com.ec\/index.php?rest_route=%2Fwp%2Fv2%2Ftags&post=7263"}],"curies":[{"name":"wp","href":"https:\/\/api.w.org\/{rel}","templated":true}]}}