{"id":7266,"date":"2015-01-26T21:30:08","date_gmt":"2015-01-26T21:30:08","guid":{"rendered":"http:\/\/www.ecuadoraldia.com.ec\/?p=7266"},"modified":"2015-01-26T21:30:08","modified_gmt":"2015-01-26T21:30:08","slug":"gobierno-anuncia-una-estrategia-de-seguridad-vial-para-disminuir-siniestralidad-en-las-vias","status":"publish","type":"post","link":"https:\/\/www.ecuadoraldia.com.ec\/?p=7266","title":{"rendered":"Gobierno anuncia una estrategia de seguridad vial para disminuir siniestralidad en las v\u00edas"},"content":{"rendered":"<p style=\"text-align: justify;\"><a href=\"http:\/\/www.ecuadoraldia.com.ec\/wp-content\/uploads\/2015\/01\/transporte_ecuador.jpg\"><img loading=\"lazy\" decoding=\"async\" class=\"alignleft size-medium wp-image-7267\" src=\"http:\/\/www.ecuadoraldia.com.ec\/wp-content\/uploads\/2015\/01\/transporte_ecuador-300x203.jpg\" alt=\"transporte_ecuador\" width=\"300\" height=\"203\" srcset=\"https:\/\/www.ecuadoraldia.com.ec\/wp-content\/uploads\/2015\/01\/transporte_ecuador-300x203.jpg 300w, https:\/\/www.ecuadoraldia.com.ec\/wp-content\/uploads\/2015\/01\/transporte_ecuador.jpg 439w\" sizes=\"(max-width: 300px) 100vw, 300px\" \/><\/a>Quito, 24 ene (Andes) \u2013 El gobierno de Ecuador anunci\u00f3 este s\u00e1bado una estrategia de seguridad vial que consta de cinco pilares y que apunta a disminuir el n\u00famero de accidentes de tr\u00e1nsito, que en el pa\u00eds andino son causados en su mayor\u00eda (77%) por responsabilidad de los conductores.<\/p>\n<p style=\"text-align: justify;\">Las estrategias anunciadas por el presidente Rafael Correa durante su informe semanal son: Institucionalidad, Infraestructura, Veh\u00edculos m\u00e1s seguros, Usuarios m\u00e1s seguros y Respuesta tras accidentes.<\/p>\n<p style=\"text-align: justify;\">El mandatario expuso que mientras el pa\u00eds est\u00e1 bajando las tasas de homicidios, el \u00edndice de siniestralidad por accidentes de tr\u00e1nsito ha aumentado. En 2014 se registraron en Ecuador 2.322 personas fallecidas por accidentes de tr\u00e1nsito lo que significa un incremento en relaci\u00f3n al a\u00f1o 2013.<\/p>\n<p style=\"text-align: justify;\">En Institucionalidad, el gobierno fortalecer\u00e1 a la Comisi\u00f3n Nacional de Tr\u00e1nsito y establecer\u00e1 un sistema de fedatarios que controlar\u00e1 el buen estado de las unidades de transporte.<\/p>\n<p style=\"text-align: justify;\">En Infraestructura, se realizar\u00e1n auditor\u00edas de seguridad vial, se construir\u00e1n Centros de Apoyo Log\u00edstico al transporte (CALT), adem\u00e1s se revisar\u00e1 que las carreteras cumplan los est\u00e1ndares requeridos (se\u00f1alizaci\u00f3n, etc.).<\/p>\n<p style=\"text-align: justify;\">Veh\u00edculos m\u00e1s seguros, la revisi\u00f3n t\u00e9cnica vehicular ser\u00e1 mucho m\u00e1s estricta, explic\u00f3 el presidente Correa. Adem\u00e1s se implementar\u00e1n laboratorios de homologaci\u00f3n vehicular y se establecer\u00e1 reglamentaci\u00f3n para motocicletas, entre otros aspectos.<\/p>\n<p style=\"text-align: justify;\">En Usuarios m\u00e1s seguros, habr\u00e1 mayores controles en las terminales terrestres de pasajeros, campa\u00f1as de seguridad vial, capacitaci\u00f3n sobre leyes de tr\u00e1nsito, redise\u00f1o del proceso de emisi\u00f3n de licencias de conducir.<\/p>\n<p style=\"text-align: justify;\">El gobierno ser\u00e1 m\u00e1s estricto en la emisi\u00f3n de las licencias, sobre todo las profesionales. Para ello habr\u00e1 m\u00e1s exigencias en las escuelas de conducci\u00f3n.<\/p>\n<p style=\"text-align: justify;\">El pilar 5, Respuestas tras accidentes se ubicar\u00e1 estrat\u00e9gicamente unidades de rescate en las v\u00edas y se optimizar\u00e1 el plan de transporte seguro con alarmas en los buses interprovinciales para que emita una alerta cuando los conductores excedan los l\u00edmites de velocidad.<\/p>\n","protected":false},"excerpt":{"rendered":"<p>Quito, 24 ene (Andes) \u2013 El gobierno de Ecuador anunci\u00f3 este s\u00e1bado una estrategia de seguridad vial que consta de<\/p>\n","protected":false},"author":1,"featured_media":0,"comment_status":"open","ping_status":"open","sticky":false,"template":"","format":"standard","meta":{"footnotes":""},"categories":[1],"tags":[],"_links":{"self":[{"href":"https:\/\/www.ecuadoraldia.com.ec\/index.php?rest_route=\/wp\/v2\/posts\/7266"}],"collection":[{"href":"https:\/\/www.ecuadoraldia.com.ec\/index.php?rest_route=\/wp\/v2\/posts"}],"about":[{"href":"https:\/\/www.ecuadoraldia.com.ec\/index.php?rest_route=\/wp\/v2\/types\/post"}],"author":[{"embeddable":true,"href":"https:\/\/www.ecuadoraldia.com.ec\/index.php?rest_route=\/wp\/v2\/users\/1"}],"replies":[{"embeddable":true,"href":"https:\/\/www.ecuadoraldia.com.ec\/index.php?rest_route=%2Fwp%2Fv2%2Fcomments&post=7266"}],"version-history":[{"count":1,"href":"https:\/\/www.ecuadoraldia.com.ec\/index.php?rest_route=\/wp\/v2\/posts\/7266\/revisions"}],"predecessor-version":[{"id":7268,"href":"https:\/\/www.ecuadoraldia.com.ec\/index.php?rest_route=\/wp\/v2\/posts\/7266\/revisions\/7268"}],"wp:attachment":[{"href":"https:\/\/www.ecuadoraldia.com.ec\/index.php?rest_route=%2Fwp%2Fv2%2Fmedia&parent=7266"}],"wp:term":[{"taxonomy":"category","embeddable":true,"href":"https:\/\/www.ecuadoraldia.com.ec\/index.php?rest_route=%2Fwp%2Fv2%2Fcategories&post=7266"},{"taxonomy":"post_tag","embeddable":true,"href":"https:\/\/www.ecuadoraldia.com.ec\/index.php?rest_route=%2Fwp%2Fv2%2Ftags&post=7266"}],"curies":[{"name":"wp","href":"https:\/\/api.w.org\/{rel}","templated":true}]}}