{"id":7269,"date":"2015-01-26T21:41:48","date_gmt":"2015-01-26T21:41:48","guid":{"rendered":"http:\/\/www.ecuadoraldia.com.ec\/?p=7269"},"modified":"2015-01-26T21:41:48","modified_gmt":"2015-01-26T21:41:48","slug":"ordenan-a-la-primera-obispa-de-la-iglesia-de-inglaterra","status":"publish","type":"post","link":"https:\/\/www.ecuadoraldia.com.ec\/?p=7269","title":{"rendered":"Ordenan a la primera obispa de la Iglesia de Inglaterra"},"content":{"rendered":"<p style=\"text-align: justify;\"><a href=\"http:\/\/www.ecuadoraldia.com.ec\/wp-content\/uploads\/2015\/01\/obispa.jpg\"><img loading=\"lazy\" decoding=\"async\" class=\"alignleft size-medium wp-image-7270\" src=\"http:\/\/www.ecuadoraldia.com.ec\/wp-content\/uploads\/2015\/01\/obispa-300x205.jpg\" alt=\"obispa\" width=\"300\" height=\"205\" srcset=\"https:\/\/www.ecuadoraldia.com.ec\/wp-content\/uploads\/2015\/01\/obispa-300x205.jpg 300w, https:\/\/www.ecuadoraldia.com.ec\/wp-content\/uploads\/2015\/01\/obispa.jpg 450w\" sizes=\"(max-width: 300px) 100vw, 300px\" \/><\/a>AFP. Libby Lane se convirti\u00f3 este lunes en la primera obispa de la Iglesia de Inglaterra, anglicana, en una ceremonia en la esplendida catedral g\u00f3tica de York que pone fin a cinco siglos de discriminaci\u00f3n.<\/p>\n<p style=\"text-align: justify;\">Elizabeth Jane Holden Lane, de 48 a\u00f1os, es la nueva obispa de Stockport, y la primera mujer en asumir esta funci\u00f3n desde que en 1534 el rey Enrique VIII fund\u00f3 la Iglesia de Inglaterra, la primera de la Iglesia anglicana.<\/p>\n<p style=\"text-align: justify;\">Sus superiores jer\u00e1rquicos posaron las manos en su cabeza y pronunciaron la oraci\u00f3n de la consagraci\u00f3n ante las 2.000 personas reunidas en el templo.<\/p>\n<p style=\"text-align: justify;\">\u00abHaz descender el esp\u00edritu de tu servidora Libby para el oficio y labor de obispa en tu Iglesia\u00bb, dijeron.<\/p>\n<p style=\"text-align: justify;\">Lane, con un h\u00e1bito negro, blanco y violeta, afirm\u00f3 su fe y hizo juramento de obediencia y lealtad durante la ceremonia de dos horas.<\/p>\n<p style=\"text-align: justify;\">Cuando se le pregunt\u00f3 a la congregaci\u00f3n si aceptaban la ordenaci\u00f3n de Lane, la mayor\u00eda respondi\u00f3 que s\u00ed, usando la f\u00f3rmula \u00abIt is!\u00bb, pero alguien grit\u00f3 \u00ab\u00a1no, no est\u00e1 en la Biblia!\u00bb.<\/p>\n<p style=\"text-align: justify;\">Lane, casada con otro sacerdote y madre de dos hijos, estaba acompa\u00f1ada en la ceremonia por Justin Welby, arzobispo de Canterbury, l\u00edder eclesi\u00e1stico de la Iglesia anglicana, y por John Sentamu, obispo de York, segundo en rango de importancia.<\/p>\n<p style=\"text-align: justify;\">Libby Lane toca el saxof\u00f3n y es del Manchester United, y en 1994 ya se convirti\u00f3 en una de las primeras mujeres sacerdotes, en la misma ceremonia de ordenaci\u00f3n de su marido.<\/p>\n<p style=\"text-align: justify;\">La nueva obispa estudi\u00f3 teolog\u00eda en la Universidad de Oxford y desde 2007 ejerc\u00eda de vicaria de la di\u00f3cesis de Chester, en la regi\u00f3n de Manchester.<\/p>\n<p style=\"text-align: justify;\">Es la primera obispa de la Iglesia de Inglaterra, pero no de la anglicana, porque ya existen en Gales, Estados Unidos, Australia, Canad\u00e1 y Suazilandia.<\/p>\n<p style=\"text-align: justify;\">Su nombramiento pudo producirse porque el s\u00ednodo cambi\u00f3 las reglas para permitir la elecci\u00f3n, y el parlamento brit\u00e1nico y la reina aceptaron el cambio.<\/p>\n<p style=\"text-align: justify;\">La enmienda que abri\u00f3 la puerta al nombramiento fue bautizada como \u00abCanon 33\u00bb y establece que \u00abun hombre o una mujer pueden consagrarse a la funci\u00f3n de obispo\u00bb.<\/p>\n<p style=\"text-align: justify;\">La singularidad de Lane podr\u00eda acabar pronto porque en este 2015 est\u00e1 prevista la sucesi\u00f3n de los obispos de Leicester, Gloucester, Oxford y Newcastle y se espera a una mujer entre los elegidos.<\/p>\n<p style=\"text-align: justify;\">La comunidad anglicana cuenta con 80 millones de fieles en 165 pa\u00edses y su l\u00edder supremo es el rey de Inglaterra, en este caso Isabel II.<\/p>\n<p style=\"text-align: justify;\">La pol\u00e9mica no se apaga<\/p>\n<p style=\"text-align: justify;\">En una entrevista difundida poco antes de su nombramiento, Lane admiti\u00f3 que se siente intimidada por el reto que afronta, porque todo lo que \u00abdiga y haga ser\u00e1 escuchado por millones de personas\u00bb.<\/p>\n<p style=\"text-align: justify;\">Al mismo tiempo, espera que su caso sirva de inspiraci\u00f3n.<\/p>\n<p style=\"text-align: justify;\">\u00abSi mi nombramiento sirve para que al menos una ni\u00f1a levante la mirada y se d\u00e9 cuenta de que tiene capacidades y potencial, y que quienes la rodean no tienen que decirle lo que es posible y lo que no, me sentir\u00eda honrada\u00bb.<\/p>\n<p style=\"text-align: justify;\">Sin embargo, la protesta de una persona en la catedral muestra que las divisiones no se han cerrado, pese a la esperanza de algunos de que se cerrara un debate que ha absorbido las energ\u00edas en los \u00faltimos 20 a\u00f1os.<\/p>\n<p style=\"text-align: justify;\">As\u00ed, la p\u00e1gina web de la revista Christian Today revelaba que se les ha pedido a los obispos que hoy pusieron sus manos en la cabeza de Lane -como parte de la ceremonia- que no hagan lo mismo con un sacerdote conservador que ser\u00e1 ordenado obispo en los pr\u00f3ximos d\u00edas porque los tradicionalistas no quieren ser tocados por gente que hizo lo mismo con una mujer en un acto sacramental.<\/p>\n<p>&nbsp;<\/p>\n","protected":false},"excerpt":{"rendered":"<p>AFP. Libby Lane se convirti\u00f3 este lunes en la primera obispa de la Iglesia de Inglaterra, anglicana, en una ceremonia<\/p>\n","protected":false},"author":1,"featured_media":0,"comment_status":"open","ping_status":"open","sticky":false,"template":"","format":"standard","meta":{"footnotes":""},"categories":[7],"tags":[],"_links":{"self":[{"href":"https:\/\/www.ecuadoraldia.com.ec\/index.php?rest_route=\/wp\/v2\/posts\/7269"}],"collection":[{"href":"https:\/\/www.ecuadoraldia.com.ec\/index.php?rest_route=\/wp\/v2\/posts"}],"about":[{"href":"https:\/\/www.ecuadoraldia.com.ec\/index.php?rest_route=\/wp\/v2\/types\/post"}],"author":[{"embeddable":true,"href":"https:\/\/www.ecuadoraldia.com.ec\/index.php?rest_route=\/wp\/v2\/users\/1"}],"replies":[{"embeddable":true,"href":"https:\/\/www.ecuadoraldia.com.ec\/index.php?rest_route=%2Fwp%2Fv2%2Fcomments&post=7269"}],"version-history":[{"count":1,"href":"https:\/\/www.ecuadoraldia.com.ec\/index.php?rest_route=\/wp\/v2\/posts\/7269\/revisions"}],"predecessor-version":[{"id":7271,"href":"https:\/\/www.ecuadoraldia.com.ec\/index.php?rest_route=\/wp\/v2\/posts\/7269\/revisions\/7271"}],"wp:attachment":[{"href":"https:\/\/www.ecuadoraldia.com.ec\/index.php?rest_route=%2Fwp%2Fv2%2Fmedia&parent=7269"}],"wp:term":[{"taxonomy":"category","embeddable":true,"href":"https:\/\/www.ecuadoraldia.com.ec\/index.php?rest_route=%2Fwp%2Fv2%2Fcategories&post=7269"},{"taxonomy":"post_tag","embeddable":true,"href":"https:\/\/www.ecuadoraldia.com.ec\/index.php?rest_route=%2Fwp%2Fv2%2Ftags&post=7269"}],"curies":[{"name":"wp","href":"https:\/\/api.w.org\/{rel}","templated":true}]}}