{"id":7272,"date":"2015-01-26T21:51:33","date_gmt":"2015-01-26T21:51:33","guid":{"rendered":"http:\/\/www.ecuadoraldia.com.ec\/?p=7272"},"modified":"2015-01-26T23:29:23","modified_gmt":"2015-01-26T23:29:23","slug":"indignacion-por-cuarto-puesto-para-jamaica-en-miss-universo","status":"publish","type":"post","link":"https:\/\/www.ecuadoraldia.com.ec\/?p=7272","title":{"rendered":"Indignaci\u00f3n por cuarto puesto para Jamaica en Miss Universo"},"content":{"rendered":"<p style=\"text-align: justify;\"><a href=\"http:\/\/www.ecuadoraldia.com.ec\/wp-content\/uploads\/2015\/01\/mis-ol.jpg\"><img loading=\"lazy\" decoding=\"async\" class=\"alignleft size-medium wp-image-7280\" src=\"http:\/\/www.ecuadoraldia.com.ec\/wp-content\/uploads\/2015\/01\/mis-ol-300x168.jpg\" alt=\"mis ol\" width=\"300\" height=\"168\" srcset=\"https:\/\/www.ecuadoraldia.com.ec\/wp-content\/uploads\/2015\/01\/mis-ol-300x168.jpg 300w, https:\/\/www.ecuadoraldia.com.ec\/wp-content\/uploads\/2015\/01\/mis-ol-1024x575.jpg 1024w, https:\/\/www.ecuadoraldia.com.ec\/wp-content\/uploads\/2015\/01\/mis-ol.jpg 1170w\" sizes=\"(max-width: 300px) 100vw, 300px\" \/><\/a>El cuarto lugar que obtuvo la jamaiquina Kaci Fennell en el Miss Universo no dej\u00f3 contento a parte del p\u00fablico presente la noche del domingo en la Universidad Internacional de la Florida, as\u00ed como a miles de televidentes, quienes expresaron su indignaci\u00f3n en redes sociales.<\/p>\n<p style=\"text-align: justify;\">Fennell -una modelo profesional con gran carisma, cabello corto y extraordinaria figura- super\u00f3 todas las expectativas y se col\u00f3 en el grupo de cinco finalistas, que tuvieron que responder las preguntas del jurado.<\/p>\n<p style=\"text-align: justify;\">Las finalistas contestaron una pregunta diferente sobre actualidad y despu\u00e9s una misma cuesti\u00f3n sobre la contribuci\u00f3n de sus respectivos pa\u00edses al mundo. Miss Jamaica respondi\u00f3 que entre las contribuciones de su pa\u00eds estaba la m\u00fasica de Bob Marley as\u00ed como el velocista Usain Bolt.<\/p>\n<p style=\"text-align: justify;\">La respuesta de Fennell gener\u00f3 una gran ovaci\u00f3n por parte del p\u00fablico presente. Antes de las preguntas, la modelo ya hab\u00eda desfilado en traje de ba\u00f1o y vestido de noche, al igual que las otras finalistas.<\/p>\n<p style=\"text-align: justify;\">Fennell pas\u00f3 un imperceptible mal rato, cuando casi se cae al tropezar con el largo de su vestido mientra mov\u00eda las caderas, al momento que Gavin Degraw interpretaba su canci\u00f3n \u00abFire\u00bb. Sin embargo, esto no le impidi\u00f3 estar entre las cinco finalistas.<\/p>\n<p style=\"text-align: justify;\">El momento cumbre lleg\u00f3 y con esto la indignaci\u00f3n del p\u00fablico presente. La presentadora del concurso anunci\u00f3 que el cuarto lugar era para Miss Jamaica, quien no perdi\u00f3 la sonrisa tras la derrota. Sin embargo, las pifias por parte de los presentes no se hicieron esperar y tuvieron m\u00e1s eco que los aplausos del resto.<\/p>\n<p style=\"text-align: justify;\">Los abucheos fueron tan evidentes que una presentadora en off de la cadena TNT explic\u00f3 que el resultado final para seleccionar a la ganadora implicaba la suma total de puntos a lo largo de la competencia. El tema no pas\u00f3 a mayores y el concurso continu\u00f3 en el escenario donde la colombiana Paulina Vega result\u00f3 ganadora. Sin embargo, el debate se encendi\u00f3 en redes sociales.<\/p>\n<p style=\"text-align: justify;\">Adem\u00e1s, medios internacionales se han hecho eco de que Kaci recibi\u00f3 el apoyo total de sus compa\u00f1eras al final del concurso. Seg\u00fan detalla E! News, en un determinado momento, las otras participantes decidieron celebrar con la jamaiquina y hasta la alzaron en brazos en se\u00f1al de que ella era la triunfadora.<\/p>\n<p style=\"text-align: justify;\">El medio internacional detalla tambi\u00e9n que esta teor\u00eda refuerza el rumor acerca del mal car\u00e1cter de Vega, que supuestamente fue una caracter\u00edstica que le jug\u00f3 en contra durante su convivencia con el resto de candidatas.<\/p>\n<p style=\"text-align: justify;\">Vega ya hab\u00eda sido se\u00f1alada como posible favorita por el millonario Donald Trump, coorganizador de Miss Universo. Incluso el empresario retuite\u00f3 durante la semana en su cuenta en la red social un mensaje de apoyo a la colombiana.<\/p>\n<p style=\"text-align: justify;\">Trump dijo que a\u00fan no ha decidido d\u00f3nde ser\u00e1 el pr\u00f3ximo Miss Universo, y no descart\u00f3 que en un futuro pueda hacerse en Colombia.<\/p>\n<p style=\"text-align: justify;\">El jurado de 10 miembros estuvo integrado por el actor cubano William Levy, el productor musical cubano-estadounidense Emilio Estefan, la periodista colombiana y cr\u00edtica de moda Nina Garc\u00eda, el jugador de futbol americano DeSean Jackson, el actor y empresario Rob Dyrdek, el beisbolista Giancarlo Stanton, el boxeador filipino Manny Pacquiao, la dise\u00f1adora de zapatos y presentadora de televisi\u00f3n estadounidense Kristin Cavallari, la actriz y presentadora brit\u00e1nica Lisa, y la experta inglesa de moda Louise Roe.<\/p>\n<p style=\"text-align: justify;\">Este fue el concurso Miss Universo 2014, postergado hasta esta fecha buscando mayor audiencia televisiva, ya que se realiza entre los Globos de Oro y el Supertaz\u00f3n (Super Bowl) del football americano, se\u00f1al\u00f3 a la AFP la organizaci\u00f3n del evento. (El universo)<\/p>\n<p style=\"text-align: justify;\">https:\/\/es-us.celebridades.yahoo.com\/video\/paulina-vega-miss-colombia-coronada-072100465.html<\/p>\n","protected":false},"excerpt":{"rendered":"<p>El cuarto lugar que obtuvo la jamaiquina Kaci Fennell en el Miss Universo no dej\u00f3 contento a parte del p\u00fablico<\/p>\n","protected":false},"author":1,"featured_media":0,"comment_status":"open","ping_status":"open","sticky":false,"template":"","format":"standard","meta":{"footnotes":""},"categories":[1],"tags":[],"_links":{"self":[{"href":"https:\/\/www.ecuadoraldia.com.ec\/index.php?rest_route=\/wp\/v2\/posts\/7272"}],"collection":[{"href":"https:\/\/www.ecuadoraldia.com.ec\/index.php?rest_route=\/wp\/v2\/posts"}],"about":[{"href":"https:\/\/www.ecuadoraldia.com.ec\/index.php?rest_route=\/wp\/v2\/types\/post"}],"author":[{"embeddable":true,"href":"https:\/\/www.ecuadoraldia.com.ec\/index.php?rest_route=\/wp\/v2\/users\/1"}],"replies":[{"embeddable":true,"href":"https:\/\/www.ecuadoraldia.com.ec\/index.php?rest_route=%2Fwp%2Fv2%2Fcomments&post=7272"}],"version-history":[{"count":5,"href":"https:\/\/www.ecuadoraldia.com.ec\/index.php?rest_route=\/wp\/v2\/posts\/7272\/revisions"}],"predecessor-version":[{"id":7282,"href":"https:\/\/www.ecuadoraldia.com.ec\/index.php?rest_route=\/wp\/v2\/posts\/7272\/revisions\/7282"}],"wp:attachment":[{"href":"https:\/\/www.ecuadoraldia.com.ec\/index.php?rest_route=%2Fwp%2Fv2%2Fmedia&parent=7272"}],"wp:term":[{"taxonomy":"category","embeddable":true,"href":"https:\/\/www.ecuadoraldia.com.ec\/index.php?rest_route=%2Fwp%2Fv2%2Fcategories&post=7272"},{"taxonomy":"post_tag","embeddable":true,"href":"https:\/\/www.ecuadoraldia.com.ec\/index.php?rest_route=%2Fwp%2Fv2%2Ftags&post=7272"}],"curies":[{"name":"wp","href":"https:\/\/api.w.org\/{rel}","templated":true}]}}