{"id":7283,"date":"2015-01-26T23:35:56","date_gmt":"2015-01-26T23:35:56","guid":{"rendered":"http:\/\/www.ecuadoraldia.com.ec\/?p=7283"},"modified":"2015-01-26T23:35:56","modified_gmt":"2015-01-26T23:35:56","slug":"a-solo-cuatro-meses-de-casarse-george-clooney-se-divorcia","status":"publish","type":"post","link":"https:\/\/www.ecuadoraldia.com.ec\/?p=7283","title":{"rendered":"A s\u00f3lo cuatro meses de casarse, \u00bfGeorge Clooney se divorcia?"},"content":{"rendered":"<p><a href=\"http:\/\/www.ecuadoraldia.com.ec\/wp-content\/uploads\/2015\/01\/divo.jpg\"><img loading=\"lazy\" decoding=\"async\" class=\"alignleft size-medium wp-image-7284\" src=\"http:\/\/www.ecuadoraldia.com.ec\/wp-content\/uploads\/2015\/01\/divo-300x168.jpg\" alt=\"divo\" width=\"300\" height=\"168\" srcset=\"https:\/\/www.ecuadoraldia.com.ec\/wp-content\/uploads\/2015\/01\/divo-300x168.jpg 300w, https:\/\/www.ecuadoraldia.com.ec\/wp-content\/uploads\/2015\/01\/divo.jpg 770w\" sizes=\"(max-width: 300px) 100vw, 300px\" \/><\/a>Cr\u00e9dito: AFP Los rumores sobre la crisis del actor George Clooney y Amal Alamuddin surgieron despu\u00e9s de que la revista In Touch publicara en portada \u00abLa pesadilla de George y Amal: divorcio de 200 millones de d\u00f3lares\u00bb.<\/p>\n<p>De acuerdo con la publicaci\u00f3n, fuentes cercanas afirmaron que \u00abla pareja tuvo problemas que incluyeron peleas y celos\u00bb, ya que George \u00abno quiere renunciar a su estilo de vida de playboy y no quiere tener hijos\u00bb.<\/p>\n<p>La estrella de Hollywood, de 53 a\u00f1os, se cas\u00f3 con Amal, de 35 a\u00f1os, en una glamorosa ceremonia celebrada en Venecia en septiembre pasado. Bono, Cindy Crawford, Bill Murray y Matt Damon fueron algunas de las celebridades que asistieron. As\u00ed las mujeres se desped\u00edan de uno de los solteros m\u00e1s codiciados.<\/p>\n","protected":false},"excerpt":{"rendered":"<p>Cr\u00e9dito: AFP Los rumores sobre la crisis del actor George Clooney y Amal Alamuddin surgieron despu\u00e9s de que la revista<\/p>\n","protected":false},"author":1,"featured_media":0,"comment_status":"open","ping_status":"open","sticky":false,"template":"","format":"standard","meta":{"footnotes":""},"categories":[1],"tags":[],"_links":{"self":[{"href":"https:\/\/www.ecuadoraldia.com.ec\/index.php?rest_route=\/wp\/v2\/posts\/7283"}],"collection":[{"href":"https:\/\/www.ecuadoraldia.com.ec\/index.php?rest_route=\/wp\/v2\/posts"}],"about":[{"href":"https:\/\/www.ecuadoraldia.com.ec\/index.php?rest_route=\/wp\/v2\/types\/post"}],"author":[{"embeddable":true,"href":"https:\/\/www.ecuadoraldia.com.ec\/index.php?rest_route=\/wp\/v2\/users\/1"}],"replies":[{"embeddable":true,"href":"https:\/\/www.ecuadoraldia.com.ec\/index.php?rest_route=%2Fwp%2Fv2%2Fcomments&post=7283"}],"version-history":[{"count":1,"href":"https:\/\/www.ecuadoraldia.com.ec\/index.php?rest_route=\/wp\/v2\/posts\/7283\/revisions"}],"predecessor-version":[{"id":7285,"href":"https:\/\/www.ecuadoraldia.com.ec\/index.php?rest_route=\/wp\/v2\/posts\/7283\/revisions\/7285"}],"wp:attachment":[{"href":"https:\/\/www.ecuadoraldia.com.ec\/index.php?rest_route=%2Fwp%2Fv2%2Fmedia&parent=7283"}],"wp:term":[{"taxonomy":"category","embeddable":true,"href":"https:\/\/www.ecuadoraldia.com.ec\/index.php?rest_route=%2Fwp%2Fv2%2Fcategories&post=7283"},{"taxonomy":"post_tag","embeddable":true,"href":"https:\/\/www.ecuadoraldia.com.ec\/index.php?rest_route=%2Fwp%2Fv2%2Ftags&post=7283"}],"curies":[{"name":"wp","href":"https:\/\/api.w.org\/{rel}","templated":true}]}}