{"id":7286,"date":"2015-01-27T18:58:06","date_gmt":"2015-01-27T18:58:06","guid":{"rendered":"http:\/\/www.ecuadoraldia.com.ec\/?p=7286"},"modified":"2015-01-27T18:58:06","modified_gmt":"2015-01-27T18:58:06","slug":"carlos-ramirez-es-reelecto-presidente-de-la-corte-nacional-de-justicia","status":"publish","type":"post","link":"https:\/\/www.ecuadoraldia.com.ec\/?p=7286","title":{"rendered":"Carlos Ram\u00edrez es reelecto presidente de la Corte Nacional de Justicia"},"content":{"rendered":"<p style=\"text-align: justify;\"><a href=\"http:\/\/www.ecuadoraldia.com.ec\/wp-content\/uploads\/2015\/01\/crm.jpg\"><img loading=\"lazy\" decoding=\"async\" class=\"alignleft size-medium wp-image-7287\" src=\"http:\/\/www.ecuadoraldia.com.ec\/wp-content\/uploads\/2015\/01\/crm-300x199.jpg\" alt=\"crm\" width=\"300\" height=\"199\" srcset=\"https:\/\/www.ecuadoraldia.com.ec\/wp-content\/uploads\/2015\/01\/crm-300x199.jpg 300w, https:\/\/www.ecuadoraldia.com.ec\/wp-content\/uploads\/2015\/01\/crm.jpg 450w\" sizes=\"(max-width: 300px) 100vw, 300px\" \/><\/a>Con 18 votos a favor, 2 en blanco y una abstenci\u00f3n, Carlos Ram\u00edrez fue reelecto presidente de la Corte Nacional de Justicia (CNJ), la ma\u00f1ana de hoy.<\/p>\n<p style=\"text-align: justify;\">Desde las 10:00, se llev\u00f3 a cabo la primera sesi\u00f3n del pleno de la Corte, la cual se desarroll\u00f3 de forma privada para elegir al nuevo representante del organismo.<\/p>\n<p style=\"text-align: justify;\">Ram\u00edrez fue el \u00fanico mocionado por los miembros del pleno. El presidente ha ocupado el cargo por 4 a\u00f1os y result\u00f3 mejor evaluado por el Consejo de la Judicatura (99,10 sobre 100), durante el proceso de evaluaci\u00f3n.<\/p>\n<p style=\"text-align: justify;\">Al finalizar la elecci\u00f3n, el titular asegur\u00f3 que durante su gesti\u00f3n se va a continuar con el proceso de reforma de la Corte, puesto que los jueces tienen alta formaci\u00f3n y trabajar\u00e1n con transparencia.<\/p>\n<p style=\"text-align: justify;\">A\u00f1adi\u00f3 que continuar\u00e1 con la creaci\u00f3n de mecanismos para atender todas las causas y evitar acumulaci\u00f3n de casos. Para ello anunci\u00f3 la implementaci\u00f3n de un sistema autom\u00e1tico de tr\u00e1mites judiciales. En los pr\u00f3ximos d\u00edas se realizar\u00e1 la elecci\u00f3n de presidentes de las 6 salas.<\/p>\n<p style=\"text-align: justify;\">Ayer fueron posesionados los 7 nuevos jueces de la CNJ como parte del proceso de renovaci\u00f3n parcial. La mayor\u00eda de ellos se desempe\u00f1aron como fiscales, jueces o han trabajado para el CJ.<\/p>\n<p style=\"text-align: justify;\">Durante la rendici\u00f3n de cuentas 2014, Ram\u00edrez destac\u00f3 los avances en la administraci\u00f3n de justicia efectuados por la Corte, integrada por 21 magistrados. Entre 2012 y 2014 han ingresado 33.605 juicios y fueron despachados 25.911.<\/p>\n","protected":false},"excerpt":{"rendered":"<p>Con 18 votos a favor, 2 en blanco y una abstenci\u00f3n, Carlos Ram\u00edrez fue reelecto presidente de la Corte Nacional<\/p>\n","protected":false},"author":1,"featured_media":0,"comment_status":"open","ping_status":"open","sticky":false,"template":"","format":"standard","meta":{"footnotes":""},"categories":[1],"tags":[],"_links":{"self":[{"href":"https:\/\/www.ecuadoraldia.com.ec\/index.php?rest_route=\/wp\/v2\/posts\/7286"}],"collection":[{"href":"https:\/\/www.ecuadoraldia.com.ec\/index.php?rest_route=\/wp\/v2\/posts"}],"about":[{"href":"https:\/\/www.ecuadoraldia.com.ec\/index.php?rest_route=\/wp\/v2\/types\/post"}],"author":[{"embeddable":true,"href":"https:\/\/www.ecuadoraldia.com.ec\/index.php?rest_route=\/wp\/v2\/users\/1"}],"replies":[{"embeddable":true,"href":"https:\/\/www.ecuadoraldia.com.ec\/index.php?rest_route=%2Fwp%2Fv2%2Fcomments&post=7286"}],"version-history":[{"count":1,"href":"https:\/\/www.ecuadoraldia.com.ec\/index.php?rest_route=\/wp\/v2\/posts\/7286\/revisions"}],"predecessor-version":[{"id":7288,"href":"https:\/\/www.ecuadoraldia.com.ec\/index.php?rest_route=\/wp\/v2\/posts\/7286\/revisions\/7288"}],"wp:attachment":[{"href":"https:\/\/www.ecuadoraldia.com.ec\/index.php?rest_route=%2Fwp%2Fv2%2Fmedia&parent=7286"}],"wp:term":[{"taxonomy":"category","embeddable":true,"href":"https:\/\/www.ecuadoraldia.com.ec\/index.php?rest_route=%2Fwp%2Fv2%2Fcategories&post=7286"},{"taxonomy":"post_tag","embeddable":true,"href":"https:\/\/www.ecuadoraldia.com.ec\/index.php?rest_route=%2Fwp%2Fv2%2Ftags&post=7286"}],"curies":[{"name":"wp","href":"https:\/\/api.w.org\/{rel}","templated":true}]}}