{"id":7289,"date":"2015-01-27T19:01:47","date_gmt":"2015-01-27T19:01:47","guid":{"rendered":"http:\/\/www.ecuadoraldia.com.ec\/?p=7289"},"modified":"2015-01-27T19:06:05","modified_gmt":"2015-01-27T19:06:05","slug":"otro-helicoptero-dhruv-se-accidenta-ahora-en-tena","status":"publish","type":"post","link":"https:\/\/www.ecuadoraldia.com.ec\/?p=7289","title":{"rendered":"Otro helic\u00f3ptero Dhruv se accidenta, ahora en Tena"},"content":{"rendered":"<p><a href=\"http:\/\/www.ecuadoraldia.com.ec\/wp-content\/uploads\/2015\/01\/dhruv-tena-.jpg\"><img loading=\"lazy\" decoding=\"async\" class=\"alignleft size-medium wp-image-7290\" src=\"http:\/\/www.ecuadoraldia.com.ec\/wp-content\/uploads\/2015\/01\/dhruv-tena--300x127.jpg\" alt=\"dhruv-tena-\" width=\"300\" height=\"127\" srcset=\"https:\/\/www.ecuadoraldia.com.ec\/wp-content\/uploads\/2015\/01\/dhruv-tena--300x127.jpg 300w, https:\/\/www.ecuadoraldia.com.ec\/wp-content\/uploads\/2015\/01\/dhruv-tena-.jpg 620w\" sizes=\"(max-width: 300px) 100vw, 300px\" \/><\/a>Un helic\u00f3ptero Dhruv 605 de la Fuerza A\u00e9rea Ecuatoriana (FAE) se accident\u00f3 aproximadamente a las 11:45 de este martes en Tena, inform\u00f3 la Direcci\u00f3n de Aviaci\u00f3n Civil<\/p>\n<p style=\"text-align: justify;\">Tercer accidente de un helic\u00f3ptero Dhruv de la Fuerza A\u00e9rea Ecuatoriana, hace pocos d\u00edas en la provincia del guayas, el 14 de enero para ser ex\u00e1ctos.<\/p>\n<p style=\"text-align: justify;\">La noticia se difundi\u00f3 primero por redes sociales y fue confirmada a las 19:05 por la Fuerza A\u00e9rea Ecuatoriana (FAE). Un helic\u00f3ptero Dhruv, fabricado en la India, se accident\u00f3 ayer en Chong\u00f3n, al suroeste de Guayaquil, \u00abmientras cumpl\u00eda una misi\u00f3n de entrenamiento\u00bb.<br \/>\nSeg\u00fan testigos, la aeronave cay\u00f3 dentro del Parque El Lago, un espacio tur\u00edstico de recreaci\u00f3n en la v\u00eda a la Costa. Ocurri\u00f3 cerca de las 16:30. Tras el percance se activ\u00f3 el sistema de b\u00fasqueda y rescate de la aeronave y sus ocupantes. No hubo v\u00edctimas. \u00abSe est\u00e1 conformando la Junta Investigadora del accidente para determinar las causas del siniestro\u00bb, inform\u00f3 la FAE.<br \/>\nEl acceso a la prensa fue restringido. La gente que estaba en la zona coment\u00f3 que por la tarde se escuch\u00f3 un estruendo; desconoc\u00eda lo que pas\u00f3.<br \/>\nUna ambulancia lleg\u00f3 al sitio del percance para socorrer a los heridos. La FAE no precis\u00f3 cu\u00e1ntos militares que conformaban la tripulaci\u00f3n. Pescadores de la represa Chong\u00f3n aseguraron anoche que ayudaron a evacuar a dos uniformados. Los pilotos fueron llevados a una casa de salud; se encuentran bajo observaci\u00f3n m\u00e9dica.<br \/>\nLa Secretar\u00eda del Agua y la Empresa P\u00fablica del Agua, a cargo del mantenimiento del embalse Chong\u00f3n, informaron ayer que realizar\u00e1n un control de la calidad del agua y que coordinar\u00e1n el retiro de la nave. Las entidades colaboraron con los equipos de rescate.<br \/>\nEl helic\u00f3ptero de fabricaci\u00f3n hind\u00fa es parte de la flota de siete aeronaves adquiridas en el 2008. El contrato fue suscrito el 5 de agosto de ese a\u00f1o, por pedido de la FAE, con la firma Hindustan Aeronautics Limited (HAL).<br \/>\nEn el concurso para adquirir los helic\u00f3pteros participaron las firmas de Eurocopter (Espa\u00f1a), Kazan (Rusia), etc.<br \/>\nEl accidente de ayer no es el \u00fanico con naves de esa flota. El 27 de octubre del 2009 una de las naves Dhruv, la FAE-604, se precipit\u00f3 sobre la Base A\u00e9rea del entonces aeropuerto de Quito durante una exhibici\u00f3n por la celebraci\u00f3n de los 82 a\u00f1os de la FAE. Sus dos tripulantes resultaron ilesos, pero la nave se destruy\u00f3.<br \/>\nEl segundo siniestro se registr\u00f3 el 20 de febrero del 2014, en la comunidad San Roque, Huigra, Chimborazo. El helic\u00f3ptero FAE-601, asignado para la movilizaci\u00f3n del presidente de la Rep\u00fablica, Rafael Correa, cay\u00f3 a tierra. En la nave no se desplazaba el Primer Mandatario.<br \/>\nTres de los cuatro militares que viajaban fallecieron. Los cuatro tripulantes cumpl\u00edan \u00abuna misi\u00f3n de traslado en la ruta Guayaquil-Quito\u00bb, cuando se produjo la tragedia, inform\u00f3 entonces la FAE.<\/p>\n<p>&nbsp;<\/p>\n<p>&nbsp;<\/p>\n","protected":false},"excerpt":{"rendered":"<p>Un helic\u00f3ptero Dhruv 605 de la Fuerza A\u00e9rea Ecuatoriana (FAE) se accident\u00f3 aproximadamente a las 11:45 de este martes en<\/p>\n","protected":false},"author":1,"featured_media":0,"comment_status":"open","ping_status":"open","sticky":false,"template":"","format":"standard","meta":{"footnotes":""},"categories":[1],"tags":[],"_links":{"self":[{"href":"https:\/\/www.ecuadoraldia.com.ec\/index.php?rest_route=\/wp\/v2\/posts\/7289"}],"collection":[{"href":"https:\/\/www.ecuadoraldia.com.ec\/index.php?rest_route=\/wp\/v2\/posts"}],"about":[{"href":"https:\/\/www.ecuadoraldia.com.ec\/index.php?rest_route=\/wp\/v2\/types\/post"}],"author":[{"embeddable":true,"href":"https:\/\/www.ecuadoraldia.com.ec\/index.php?rest_route=\/wp\/v2\/users\/1"}],"replies":[{"embeddable":true,"href":"https:\/\/www.ecuadoraldia.com.ec\/index.php?rest_route=%2Fwp%2Fv2%2Fcomments&post=7289"}],"version-history":[{"count":3,"href":"https:\/\/www.ecuadoraldia.com.ec\/index.php?rest_route=\/wp\/v2\/posts\/7289\/revisions"}],"predecessor-version":[{"id":7293,"href":"https:\/\/www.ecuadoraldia.com.ec\/index.php?rest_route=\/wp\/v2\/posts\/7289\/revisions\/7293"}],"wp:attachment":[{"href":"https:\/\/www.ecuadoraldia.com.ec\/index.php?rest_route=%2Fwp%2Fv2%2Fmedia&parent=7289"}],"wp:term":[{"taxonomy":"category","embeddable":true,"href":"https:\/\/www.ecuadoraldia.com.ec\/index.php?rest_route=%2Fwp%2Fv2%2Fcategories&post=7289"},{"taxonomy":"post_tag","embeddable":true,"href":"https:\/\/www.ecuadoraldia.com.ec\/index.php?rest_route=%2Fwp%2Fv2%2Ftags&post=7289"}],"curies":[{"name":"wp","href":"https:\/\/api.w.org\/{rel}","templated":true}]}}