{"id":7294,"date":"2015-01-27T19:08:46","date_gmt":"2015-01-27T19:08:46","guid":{"rendered":"http:\/\/www.ecuadoraldia.com.ec\/?p=7294"},"modified":"2015-01-27T19:08:46","modified_gmt":"2015-01-27T19:08:46","slug":"mt-presento-acuerdo-que-regulara-relaciones-laborales-para-deportistas-profesionales","status":"publish","type":"post","link":"https:\/\/www.ecuadoraldia.com.ec\/?p=7294","title":{"rendered":"MT present\u00f3 acuerdo que regular\u00e1 relaciones laborales para deportistas profesionales"},"content":{"rendered":"<p><a href=\"http:\/\/www.ecuadoraldia.com.ec\/wp-content\/uploads\/2015\/01\/mt-dep.jpg\"><img loading=\"lazy\" decoding=\"async\" class=\"alignleft size-medium wp-image-7295\" src=\"http:\/\/www.ecuadoraldia.com.ec\/wp-content\/uploads\/2015\/01\/mt-dep-300x127.jpg\" alt=\"mt dep\" width=\"300\" height=\"127\" srcset=\"https:\/\/www.ecuadoraldia.com.ec\/wp-content\/uploads\/2015\/01\/mt-dep-300x127.jpg 300w, https:\/\/www.ecuadoraldia.com.ec\/wp-content\/uploads\/2015\/01\/mt-dep.jpg 620w\" sizes=\"(max-width: 300px) 100vw, 300px\" \/><\/a>El Ministerio del Trabajo (MT) present\u00f3 esta ma\u00f1ana el acuerdo ministerial que regular\u00e1 las relaciones laborales para los deportistas profesionales ecuatorianos.<br \/>\nPublicidad<\/p>\n<p>Carlos Marx Carrasco, brind\u00f3 una rueda de prensa donde coment\u00f3 las \u00e1reas que abarca el acuerdo y que van desde la afiliaci\u00f3n obligatoria de los deportistas al IESS, registrar los contratos en el MRL y el plazo a los clubes, para pagar el sueldo del mes vencido, de hasta diez d\u00edas.<\/p>\n<p>Carrasco lament\u00f3 que la FEF no haya participado en las reuniones para elaborar el acuerdo y dijo que \u201cla asociaci\u00f3n (AFE) esta un su leg\u00edtimo derecho de exigir el pago de sus obligaciones y el campeonato<\/p>\n<p>&nbsp;<\/p>\n","protected":false},"excerpt":{"rendered":"<p>El Ministerio del Trabajo (MT) present\u00f3 esta ma\u00f1ana el acuerdo ministerial que regular\u00e1 las relaciones laborales para los deportistas profesionales<\/p>\n","protected":false},"author":1,"featured_media":0,"comment_status":"open","ping_status":"open","sticky":false,"template":"","format":"standard","meta":{"footnotes":""},"categories":[10,1],"tags":[],"_links":{"self":[{"href":"https:\/\/www.ecuadoraldia.com.ec\/index.php?rest_route=\/wp\/v2\/posts\/7294"}],"collection":[{"href":"https:\/\/www.ecuadoraldia.com.ec\/index.php?rest_route=\/wp\/v2\/posts"}],"about":[{"href":"https:\/\/www.ecuadoraldia.com.ec\/index.php?rest_route=\/wp\/v2\/types\/post"}],"author":[{"embeddable":true,"href":"https:\/\/www.ecuadoraldia.com.ec\/index.php?rest_route=\/wp\/v2\/users\/1"}],"replies":[{"embeddable":true,"href":"https:\/\/www.ecuadoraldia.com.ec\/index.php?rest_route=%2Fwp%2Fv2%2Fcomments&post=7294"}],"version-history":[{"count":1,"href":"https:\/\/www.ecuadoraldia.com.ec\/index.php?rest_route=\/wp\/v2\/posts\/7294\/revisions"}],"predecessor-version":[{"id":7296,"href":"https:\/\/www.ecuadoraldia.com.ec\/index.php?rest_route=\/wp\/v2\/posts\/7294\/revisions\/7296"}],"wp:attachment":[{"href":"https:\/\/www.ecuadoraldia.com.ec\/index.php?rest_route=%2Fwp%2Fv2%2Fmedia&parent=7294"}],"wp:term":[{"taxonomy":"category","embeddable":true,"href":"https:\/\/www.ecuadoraldia.com.ec\/index.php?rest_route=%2Fwp%2Fv2%2Fcategories&post=7294"},{"taxonomy":"post_tag","embeddable":true,"href":"https:\/\/www.ecuadoraldia.com.ec\/index.php?rest_route=%2Fwp%2Fv2%2Ftags&post=7294"}],"curies":[{"name":"wp","href":"https:\/\/api.w.org\/{rel}","templated":true}]}}