{"id":7298,"date":"2015-01-28T11:41:04","date_gmt":"2015-01-28T11:41:04","guid":{"rendered":"http:\/\/www.ecuadoraldia.com.ec\/?p=7298"},"modified":"2015-01-28T11:41:04","modified_gmt":"2015-01-28T11:41:04","slug":"los-cancilleres-alistan-las-22-declaraciones-de-la-celac","status":"publish","type":"post","link":"https:\/\/www.ecuadoraldia.com.ec\/?p=7298","title":{"rendered":"Los cancilleres alistan las 22 declaraciones de la Celac"},"content":{"rendered":"<p style=\"text-align: justify;\"><a href=\"http:\/\/www.ecuadoraldia.com.ec\/wp-content\/uploads\/2015\/01\/cancilleres.jpg\"><img loading=\"lazy\" decoding=\"async\" class=\"alignleft size-medium wp-image-7299\" src=\"http:\/\/www.ecuadoraldia.com.ec\/wp-content\/uploads\/2015\/01\/cancilleres-300x141.jpg\" alt=\"cancilleres\" width=\"300\" height=\"141\" srcset=\"https:\/\/www.ecuadoraldia.com.ec\/wp-content\/uploads\/2015\/01\/cancilleres-300x141.jpg 300w, https:\/\/www.ecuadoraldia.com.ec\/wp-content\/uploads\/2015\/01\/cancilleres.jpg 450w\" sizes=\"(max-width: 300px) 100vw, 300px\" \/><\/a>Los ministros de Relaciones Exteriores de los pa\u00edses de la Comunidad de Estados Latinoamericanos y Caribe\u00f1os (Celac) continuaron ayer los debates sobre las declaraciones y documentos de la III Cumbre de este mecanismo de integraci\u00f3n regional. Los trabajos, el pasado domingo, iniciaron con la sesi\u00f3n de los coordinadores nacionales, actividad que dur\u00f3 hasta anoche en el centro de eventos El Pedregal, ubicado a 10 kil\u00f3metros al oeste de San Jos\u00e9.<\/p>\n<p style=\"text-align: justify;\">El vicecanciller costarricense, Alejandro Solano, inform\u00f3 que los expertos alcanzaron consenso en la mayor\u00eda de los pronunciamientos de la cumbre. Ayer los cancilleres dieron los toques finales a esos documentos antes de presentarlos ma\u00f1ana a los jefes de Estado, cuando se realice la Cumbre de Jefes de Estado de la Celac.<\/p>\n<p style=\"text-align: justify;\">El ministro de Relaciones Exteriores de Costa Rica, Manuel Gonz\u00e1lez Sanz, resalt\u00f3 los avances de los trabajos preparatorios para finiquitar los textos que adoptar\u00e1n los 33 mandatarios. \u201cHemos logrado mostrar una gran capacidad articuladora y negociadora que ha permitido alcanzar consensos\u201d, explic\u00f3 Gonz\u00e1lez, quien destac\u00f3 que durante la presidencia pro t\u00e9mpore de su pa\u00eds se aprobaron m\u00e1s de 50 textos, posiciones y declaraciones.<\/p>\n<p style=\"text-align: justify;\">\u201cCosta Rica reafirm\u00f3 su liderazgo y la capacidad negociadora para alcanzar consensos sobre una variedad de temas a pesar de la diversidad de visiones que prevalecen en la regi\u00f3n\u201d, expres\u00f3 el diplom\u00e1tico.<\/p>\n<p style=\"text-align: justify;\">Ya se han logrado avances sobre 16 textos de las declaraciones especiales, de un total de 22 pronunciamientos que se tienen previsto adoptar durante la cumbre presidencial. \u201cEsperamos concluir con el cierre de los documentos, cuyo eje central gira en torno al combate a la pobreza\u201d, asever\u00f3 Gonz\u00e1lez. (Tel\u00e9grafo)<\/p>\n","protected":false},"excerpt":{"rendered":"<p>Los ministros de Relaciones Exteriores de los pa\u00edses de la Comunidad de Estados Latinoamericanos y Caribe\u00f1os (Celac) continuaron ayer los<\/p>\n","protected":false},"author":1,"featured_media":0,"comment_status":"open","ping_status":"open","sticky":false,"template":"","format":"standard","meta":{"footnotes":""},"categories":[1],"tags":[],"_links":{"self":[{"href":"https:\/\/www.ecuadoraldia.com.ec\/index.php?rest_route=\/wp\/v2\/posts\/7298"}],"collection":[{"href":"https:\/\/www.ecuadoraldia.com.ec\/index.php?rest_route=\/wp\/v2\/posts"}],"about":[{"href":"https:\/\/www.ecuadoraldia.com.ec\/index.php?rest_route=\/wp\/v2\/types\/post"}],"author":[{"embeddable":true,"href":"https:\/\/www.ecuadoraldia.com.ec\/index.php?rest_route=\/wp\/v2\/users\/1"}],"replies":[{"embeddable":true,"href":"https:\/\/www.ecuadoraldia.com.ec\/index.php?rest_route=%2Fwp%2Fv2%2Fcomments&post=7298"}],"version-history":[{"count":1,"href":"https:\/\/www.ecuadoraldia.com.ec\/index.php?rest_route=\/wp\/v2\/posts\/7298\/revisions"}],"predecessor-version":[{"id":7300,"href":"https:\/\/www.ecuadoraldia.com.ec\/index.php?rest_route=\/wp\/v2\/posts\/7298\/revisions\/7300"}],"wp:attachment":[{"href":"https:\/\/www.ecuadoraldia.com.ec\/index.php?rest_route=%2Fwp%2Fv2%2Fmedia&parent=7298"}],"wp:term":[{"taxonomy":"category","embeddable":true,"href":"https:\/\/www.ecuadoraldia.com.ec\/index.php?rest_route=%2Fwp%2Fv2%2Fcategories&post=7298"},{"taxonomy":"post_tag","embeddable":true,"href":"https:\/\/www.ecuadoraldia.com.ec\/index.php?rest_route=%2Fwp%2Fv2%2Ftags&post=7298"}],"curies":[{"name":"wp","href":"https:\/\/api.w.org\/{rel}","templated":true}]}}