{"id":7303,"date":"2015-01-29T17:54:42","date_gmt":"2015-01-29T17:54:42","guid":{"rendered":"http:\/\/www.ecuadoraldia.com.ec\/?p=7303"},"modified":"2015-01-29T17:54:42","modified_gmt":"2015-01-29T17:54:42","slug":"diego-garcia-ratificado-como-procurador-del-estado","status":"publish","type":"post","link":"https:\/\/www.ecuadoraldia.com.ec\/?p=7303","title":{"rendered":"Diego Garc\u00eda, ratificado como procurador del Estado"},"content":{"rendered":"<p style=\"text-align: justify;\"><a href=\"http:\/\/www.ecuadoraldia.com.ec\/wp-content\/uploads\/2015\/01\/diego-g.jpg\"><img loading=\"lazy\" decoding=\"async\" class=\"alignleft size-medium wp-image-7304\" src=\"http:\/\/www.ecuadoraldia.com.ec\/wp-content\/uploads\/2015\/01\/diego-g-300x197.jpg\" alt=\"diego g\" width=\"300\" height=\"197\" srcset=\"https:\/\/www.ecuadoraldia.com.ec\/wp-content\/uploads\/2015\/01\/diego-g-300x197.jpg 300w, https:\/\/www.ecuadoraldia.com.ec\/wp-content\/uploads\/2015\/01\/diego-g.jpg 450w\" sizes=\"(max-width: 300px) 100vw, 300px\" \/><\/a>El actual procurador general del Estado, Diego Garc\u00eda, fue designado por el pleno del Consejo de Participaci\u00f3n Ciudadana y Control Social (Cpccs), para continuar en el cargo por 4 a\u00f1os m\u00e1s. Su elecci\u00f3n en la sesi\u00f3n de hoy obtuvo el voto de 5 consejeros, una abstenci\u00f3n y una ausencia.<\/p>\n<p style=\"text-align: justify;\">Garc\u00eda encabezaba la terna del Ejecutivo. Con su reelecci\u00f3n cumplir\u00e1 un tercer periodo al frente de la Procuradur\u00eda.<\/p>\n<p style=\"text-align: justify;\">La designaci\u00f3n se dio tras superarse las etapas de postulaci\u00f3n, revisi\u00f3n de requisitos e impugnaci\u00f3n ciudadana.<\/p>\n<p style=\"text-align: justify;\">El pasado 26 de enero, el Cpccs rechaz\u00f3 una impugnaci\u00f3n en contra de Garc\u00eda ante la \u00abfalta de fundamentaci\u00f3n suficiente y pertinente\u00bb.<\/p>\n<p style=\"text-align: justify;\">El reglamento aprobado para este proceso indica en su art\u00edculo 16 que \u00ablas primeras autoridades de la Procuradur\u00eda General del Estado y de las superintendencias ser\u00e1n designadas mediante resoluci\u00f3n del Pleno del Consejo de Participaci\u00f3n Ciudadana y Control Social, dentro del plazo de tres d\u00edas, un vez culminada la etapa de impugnaci\u00f3n ciudadana\u00bb.<\/p>\n<p style=\"text-align: justify;\">El proceso cont\u00f3 con la vigilancia de la veedur\u00eda ciudadana, que inici\u00f3 su labor el 29 de diciembre pasado; integrada por 11 personas procedentes de Pichincha, Guayas y Loja.<\/p>\n<p style=\"text-align: justify;\">En la terna enviada por el Presidente de la Rep\u00fablica constaban, adem\u00e1s, Elsa Mar\u00eda de Lourdes Santos Karolys y Marcos Edison Arteaga Valenzuela.<\/p>\n<p style=\"text-align: justify;\">El Cpccs remitir\u00e1 la resoluci\u00f3n de la designaci\u00f3n a la Asamblea Nacional para la respectiva posesi\u00f3n de Garc\u00eda en el cargo que, de acuerdo con el Art. 235 de la Constituci\u00f3n, ser\u00e1 de cuatro a\u00f1os.<\/p>\n","protected":false},"excerpt":{"rendered":"<p>El actual procurador general del Estado, Diego Garc\u00eda, fue designado por el pleno del Consejo de Participaci\u00f3n Ciudadana y Control<\/p>\n","protected":false},"author":1,"featured_media":0,"comment_status":"open","ping_status":"open","sticky":false,"template":"","format":"standard","meta":{"footnotes":""},"categories":[1],"tags":[],"_links":{"self":[{"href":"https:\/\/www.ecuadoraldia.com.ec\/index.php?rest_route=\/wp\/v2\/posts\/7303"}],"collection":[{"href":"https:\/\/www.ecuadoraldia.com.ec\/index.php?rest_route=\/wp\/v2\/posts"}],"about":[{"href":"https:\/\/www.ecuadoraldia.com.ec\/index.php?rest_route=\/wp\/v2\/types\/post"}],"author":[{"embeddable":true,"href":"https:\/\/www.ecuadoraldia.com.ec\/index.php?rest_route=\/wp\/v2\/users\/1"}],"replies":[{"embeddable":true,"href":"https:\/\/www.ecuadoraldia.com.ec\/index.php?rest_route=%2Fwp%2Fv2%2Fcomments&post=7303"}],"version-history":[{"count":1,"href":"https:\/\/www.ecuadoraldia.com.ec\/index.php?rest_route=\/wp\/v2\/posts\/7303\/revisions"}],"predecessor-version":[{"id":7305,"href":"https:\/\/www.ecuadoraldia.com.ec\/index.php?rest_route=\/wp\/v2\/posts\/7303\/revisions\/7305"}],"wp:attachment":[{"href":"https:\/\/www.ecuadoraldia.com.ec\/index.php?rest_route=%2Fwp%2Fv2%2Fmedia&parent=7303"}],"wp:term":[{"taxonomy":"category","embeddable":true,"href":"https:\/\/www.ecuadoraldia.com.ec\/index.php?rest_route=%2Fwp%2Fv2%2Fcategories&post=7303"},{"taxonomy":"post_tag","embeddable":true,"href":"https:\/\/www.ecuadoraldia.com.ec\/index.php?rest_route=%2Fwp%2Fv2%2Ftags&post=7303"}],"curies":[{"name":"wp","href":"https:\/\/api.w.org\/{rel}","templated":true}]}}