{"id":7306,"date":"2015-01-29T17:57:18","date_gmt":"2015-01-29T17:57:18","guid":{"rendered":"http:\/\/www.ecuadoraldia.com.ec\/?p=7306"},"modified":"2015-01-29T17:57:18","modified_gmt":"2015-01-29T17:57:18","slug":"al-menos-7-muertos-por-explosion-de-camion-de-gas-en-mexico","status":"publish","type":"post","link":"https:\/\/www.ecuadoraldia.com.ec\/?p=7306","title":{"rendered":"Al menos 7 muertos por explosi\u00f3n de cami\u00f3n de gas en M\u00e9xico"},"content":{"rendered":"<p style=\"text-align: justify;\"><a href=\"http:\/\/www.ecuadoraldia.com.ec\/wp-content\/uploads\/2015\/01\/mex.jpg\"><img loading=\"lazy\" decoding=\"async\" class=\"alignleft size-medium wp-image-7307\" src=\"http:\/\/www.ecuadoraldia.com.ec\/wp-content\/uploads\/2015\/01\/mex-300x198.jpg\" alt=\"Rescuers work amid the wreckage caused by an explosion in a hospital\" width=\"300\" height=\"198\" srcset=\"https:\/\/www.ecuadoraldia.com.ec\/wp-content\/uploads\/2015\/01\/mex-300x198.jpg 300w, https:\/\/www.ecuadoraldia.com.ec\/wp-content\/uploads\/2015\/01\/mex.jpg 800w\" sizes=\"(max-width: 300px) 100vw, 300px\" \/><\/a>Foto: AFP\u00a0Un cami\u00f3n cisterna de gas explot\u00f3 este jueves fuera de un hospital infantil y de maternidad en la Ciudad de M\u00e9xico, da\u00f1ando la estructura y dejando al menos 7 muertos y decenas de heridos, informaron las autoridades.<\/p>\n<p style=\"text-align: justify;\">El secretario de Protecci\u00f3n Civil nacional, Luis Felipe Puente, indic\u00f3 que los fallecidos son 3 adultos y 4 ni\u00f1os.<\/p>\n<p style=\"text-align: justify;\">Varios beb\u00e9s fueron rescatados entre los escombros y trasladados a otros hospitales, seg\u00fan la Cruz Roja. Hasta el momento las autoridades reportaron 22 ni\u00f1os y 32 adultos heridos.<\/p>\n<p style=\"text-align: justify;\">Alrededor de un 40% de la estructura del Hospital materno infantil Cuajimalpa qued\u00f3 da\u00f1ada por la explosi\u00f3n.<\/p>\n<p style=\"text-align: justify;\">\u00abLa zona de los cuneros se colaps\u00f3, colaps\u00f3 la zona administrativa, la zona de emergencias, gran parte de la zona de camas est\u00e1 colapsada, lo que estamos viendo es completamente derrumbado el hospital\u00bb, indic\u00f3 Adri\u00e1n Ruvalcaba, delegado de Cuajimalpa.<\/p>\n<p style=\"text-align: justify;\">Los servicios de emergencia y bomberos, apoyados con efectivos del Ej\u00e9rcito y polic\u00edas federales, segu\u00edan buscando entre los escombros a m\u00e1s personas atrapadas.<\/p>\n<p style=\"text-align: justify;\">La explosi\u00f3n ocurri\u00f3 por una fuga en una manguera de un cami\u00f3n que estaba abasteciendo a la cocina del hospital de Cuajimalpa, perteneciente a los servicios de salud de la ciudad.<\/p>\n<p>&nbsp;<\/p>\n","protected":false},"excerpt":{"rendered":"<p>Foto: AFP\u00a0Un cami\u00f3n cisterna de gas explot\u00f3 este jueves fuera de un hospital infantil y de maternidad en la Ciudad<\/p>\n","protected":false},"author":1,"featured_media":0,"comment_status":"open","ping_status":"open","sticky":false,"template":"","format":"standard","meta":{"footnotes":""},"categories":[1],"tags":[],"_links":{"self":[{"href":"https:\/\/www.ecuadoraldia.com.ec\/index.php?rest_route=\/wp\/v2\/posts\/7306"}],"collection":[{"href":"https:\/\/www.ecuadoraldia.com.ec\/index.php?rest_route=\/wp\/v2\/posts"}],"about":[{"href":"https:\/\/www.ecuadoraldia.com.ec\/index.php?rest_route=\/wp\/v2\/types\/post"}],"author":[{"embeddable":true,"href":"https:\/\/www.ecuadoraldia.com.ec\/index.php?rest_route=\/wp\/v2\/users\/1"}],"replies":[{"embeddable":true,"href":"https:\/\/www.ecuadoraldia.com.ec\/index.php?rest_route=%2Fwp%2Fv2%2Fcomments&post=7306"}],"version-history":[{"count":1,"href":"https:\/\/www.ecuadoraldia.com.ec\/index.php?rest_route=\/wp\/v2\/posts\/7306\/revisions"}],"predecessor-version":[{"id":7308,"href":"https:\/\/www.ecuadoraldia.com.ec\/index.php?rest_route=\/wp\/v2\/posts\/7306\/revisions\/7308"}],"wp:attachment":[{"href":"https:\/\/www.ecuadoraldia.com.ec\/index.php?rest_route=%2Fwp%2Fv2%2Fmedia&parent=7306"}],"wp:term":[{"taxonomy":"category","embeddable":true,"href":"https:\/\/www.ecuadoraldia.com.ec\/index.php?rest_route=%2Fwp%2Fv2%2Fcategories&post=7306"},{"taxonomy":"post_tag","embeddable":true,"href":"https:\/\/www.ecuadoraldia.com.ec\/index.php?rest_route=%2Fwp%2Fv2%2Ftags&post=7306"}],"curies":[{"name":"wp","href":"https:\/\/api.w.org\/{rel}","templated":true}]}}