{"id":7309,"date":"2015-01-29T18:06:25","date_gmt":"2015-01-29T18:06:25","guid":{"rendered":"http:\/\/www.ecuadoraldia.com.ec\/?p=7309"},"modified":"2015-01-29T18:06:25","modified_gmt":"2015-01-29T18:06:25","slug":"celac-concretara-acuerdos-con-china-y-ue-y-avanzara-dialogos-con-rusia-e-india","status":"publish","type":"post","link":"https:\/\/www.ecuadoraldia.com.ec\/?p=7309","title":{"rendered":"Celac concretar\u00e1 acuerdos con China y UE y avanzar\u00e1 di\u00e1logos con Rusia e India"},"content":{"rendered":"<p style=\"text-align: justify;\"><a href=\"http:\/\/www.ecuadoraldia.com.ec\/wp-content\/uploads\/2015\/01\/PATIO_CELAC_.jpg\"><img loading=\"lazy\" decoding=\"async\" class=\"alignleft size-medium wp-image-7310\" src=\"http:\/\/www.ecuadoraldia.com.ec\/wp-content\/uploads\/2015\/01\/PATIO_CELAC_-300x190.jpg\" alt=\"PATIO_CELAC_\" width=\"300\" height=\"190\" srcset=\"https:\/\/www.ecuadoraldia.com.ec\/wp-content\/uploads\/2015\/01\/PATIO_CELAC_-300x190.jpg 300w, https:\/\/www.ecuadoraldia.com.ec\/wp-content\/uploads\/2015\/01\/PATIO_CELAC_.jpg 450w\" sizes=\"(max-width: 300px) 100vw, 300px\" \/><\/a>El canciller Ricardo Pati\u00f1o espera concretar los acuerdos con China y la Uni\u00f3n Europea, durante la presidencia pro t\u00e9mpore de la Comunidad de Estados Latinoamericanos y Caribe\u00f1os (Celac), que asume Ecuador esta tarde en San Jos\u00e9, Costa Rica.<\/p>\n<p style=\"text-align: justify;\">El canciller se\u00f1al\u00f3 que durante la gesti\u00f3n, que culminar\u00e1 en enero de 2016, tambi\u00e9n se buscar\u00e1 avanzar en los di\u00e1logos con Rusia, India y los pa\u00edses del sudeste asi\u00e1tico.<\/p>\n<p style=\"text-align: justify;\">Seg\u00fan Pati\u00f1o, se acord\u00f3 que Celac contin\u00fae siendo un espacio de di\u00e1logo pol\u00edtico y no se avanz\u00f3 en la institucionalizaci\u00f3n del organismo regional.<\/p>\n<p style=\"text-align: justify;\">El Ministro de Relaciones Exteriores espera que durante la gesti\u00f3n ecuatoriana se logre la vocer\u00eda de Celac. Record\u00f3 que Ecuador propone metas y objetivos claros y cuantificables, que podr\u00edan medirse para los pr\u00f3ximos 5 a\u00f1os.<\/p>\n<p style=\"text-align: justify;\">\u00abEcuador asume el mandato para ir avanzando en la estabilidad\u00bb, dijo Pati\u00f1o, a la vez que record\u00f3 que la reducci\u00f3n de los \u00edndices de pobreza extrema, innovaci\u00f3n, desarrollo e investigaci\u00f3n ser\u00e1n los ejes centrales.<\/p>\n<p style=\"text-align: justify;\">Pati\u00f1o afirm\u00f3 que en los pr\u00f3ximos 2 o 3 meses, luego de un trabajo t\u00e9cnico, se establecer\u00e1n las metas para los pr\u00f3ximos 5 a\u00f1os, que deber\u00e1n seguir midiendo las futuras presidencias pro t\u00e9mpore.<\/p>\n<p style=\"text-align: justify;\">El representante de la diplomacia ecuatoriana dijo que dentro de un mes, tentativamente, se preparar\u00eda la agenda de trabajo previo al encuentro con la UE a mediados de a\u00f1o. En junio se reunir\u00edan posiblemente en Bruselas.<\/p>\n<p style=\"text-align: justify;\">\u00abQueremos que estas instancias como Celac sirvan para hacer sustentable el desarrollo\u00bb, concluy\u00f3 Pati\u00f1o.<\/p>\n<p style=\"text-align: justify;\">El acto formal de entrega de la presidencia pro t\u00e9mpore a Ecuador se realizar\u00e1 a las 14:30 (una hora menos en Costa Rica). Telegrafo<\/p>\n","protected":false},"excerpt":{"rendered":"<p>El canciller Ricardo Pati\u00f1o espera concretar los acuerdos con China y la Uni\u00f3n Europea, durante la presidencia pro t\u00e9mpore de<\/p>\n","protected":false},"author":1,"featured_media":0,"comment_status":"open","ping_status":"open","sticky":false,"template":"","format":"standard","meta":{"footnotes":""},"categories":[7],"tags":[],"_links":{"self":[{"href":"https:\/\/www.ecuadoraldia.com.ec\/index.php?rest_route=\/wp\/v2\/posts\/7309"}],"collection":[{"href":"https:\/\/www.ecuadoraldia.com.ec\/index.php?rest_route=\/wp\/v2\/posts"}],"about":[{"href":"https:\/\/www.ecuadoraldia.com.ec\/index.php?rest_route=\/wp\/v2\/types\/post"}],"author":[{"embeddable":true,"href":"https:\/\/www.ecuadoraldia.com.ec\/index.php?rest_route=\/wp\/v2\/users\/1"}],"replies":[{"embeddable":true,"href":"https:\/\/www.ecuadoraldia.com.ec\/index.php?rest_route=%2Fwp%2Fv2%2Fcomments&post=7309"}],"version-history":[{"count":1,"href":"https:\/\/www.ecuadoraldia.com.ec\/index.php?rest_route=\/wp\/v2\/posts\/7309\/revisions"}],"predecessor-version":[{"id":7311,"href":"https:\/\/www.ecuadoraldia.com.ec\/index.php?rest_route=\/wp\/v2\/posts\/7309\/revisions\/7311"}],"wp:attachment":[{"href":"https:\/\/www.ecuadoraldia.com.ec\/index.php?rest_route=%2Fwp%2Fv2%2Fmedia&parent=7309"}],"wp:term":[{"taxonomy":"category","embeddable":true,"href":"https:\/\/www.ecuadoraldia.com.ec\/index.php?rest_route=%2Fwp%2Fv2%2Fcategories&post=7309"},{"taxonomy":"post_tag","embeddable":true,"href":"https:\/\/www.ecuadoraldia.com.ec\/index.php?rest_route=%2Fwp%2Fv2%2Ftags&post=7309"}],"curies":[{"name":"wp","href":"https:\/\/api.w.org\/{rel}","templated":true}]}}