{"id":7315,"date":"2015-01-29T18:32:28","date_gmt":"2015-01-29T18:32:28","guid":{"rendered":"http:\/\/www.ecuadoraldia.com.ec\/?p=7315"},"modified":"2015-01-29T18:32:28","modified_gmt":"2015-01-29T18:32:28","slug":"quinteros-cuando-tenga-arreglado-lo-sabran","status":"publish","type":"post","link":"https:\/\/www.ecuadoraldia.com.ec\/?p=7315","title":{"rendered":"Quinteros: \u00abCuando tenga arreglado lo sabr\u00e1n\u00bb"},"content":{"rendered":"<p style=\"text-align: justify;\"><a href=\"http:\/\/www.ecuadoraldia.com.ec\/wp-content\/uploads\/2015\/01\/quintero.jpg\"><img loading=\"lazy\" decoding=\"async\" class=\"alignleft size-medium wp-image-7316\" src=\"http:\/\/www.ecuadoraldia.com.ec\/wp-content\/uploads\/2015\/01\/quintero-300x198.jpg\" alt=\"quintero\" width=\"300\" height=\"198\" srcset=\"https:\/\/www.ecuadoraldia.com.ec\/wp-content\/uploads\/2015\/01\/quintero-300x198.jpg 300w, https:\/\/www.ecuadoraldia.com.ec\/wp-content\/uploads\/2015\/01\/quintero.jpg 450w\" sizes=\"(max-width: 300px) 100vw, 300px\" \/><\/a>Al finalizar la pr\u00e1ctica de Emelec, el entrenador del equipo Gustavo Quinteros habl\u00f3 de la probabilidad de dirigir a la selecci\u00f3n de Ecuador y debido a una cl\u00e1usula de recisi\u00f3n en su contrato, el DT podr\u00eda ser oficializado en pocos d\u00edas para tomar las riendas de la Tricolor.<\/p>\n<p style=\"text-align: justify;\">\u00abTenemos que esperar, existe esa posibilidad, a\u00fan no nos sentamos hablar, no quiero decir nada hoy\u00bb, fue lo que argument\u00f3 el DT bicampe\u00f3n con los &#8216;azules&#8217;.<\/p>\n<p style=\"text-align: justify;\">Quinteros afirm\u00f3 que en su mente solo est\u00e1 en trabajar con Emelec para ganar el partido de la primera fecha del torneo ecuatoriano ante el Deportivo Quito, pero le seduce la idea de dirigir a la Tricolor.<\/p>\n<p style=\"text-align: justify;\">\u00abHoy por hoy, estoy trabajando con Emelec para el partido del domingo. Cuando tenga arreglado, firmado, con un convenio hecho, ustedes (los medios) lo sabr\u00e1n\u00bb, resalt\u00f3 Quinteros.<\/p>\n<p style=\"text-align: justify;\">Sobre la conversaci\u00f3n que habr\u00eda tenido el orientador t\u00e1ctico de Emelec con directivos de la Federaci\u00f3n Ecuatoriana de F\u00fatbol, dijo que \u00abtuve una charla con una persona, pero hoy solo pienso en ganar el partido del domingo\u00bb.<\/p>\n<p style=\"text-align: justify;\">\u00abSiempre hay una buena charla con el presidente de Emelec (Nassib Neme), \u00e9l se ha portado muy bien conmigo. No habr\u00eda problema en dirigir a Ecuador en el contrato est\u00e1 (la cl\u00e1usula que le permitir\u00e1 a Quinteros dirigir una selecci\u00f3n nacional)\u00bb,\u00a0(Tel\u00e9grafo)<\/p>\n","protected":false},"excerpt":{"rendered":"<p>Al finalizar la pr\u00e1ctica de Emelec, el entrenador del equipo Gustavo Quinteros habl\u00f3 de la probabilidad de dirigir a la<\/p>\n","protected":false},"author":1,"featured_media":0,"comment_status":"open","ping_status":"open","sticky":false,"template":"","format":"standard","meta":{"footnotes":""},"categories":[10],"tags":[],"_links":{"self":[{"href":"https:\/\/www.ecuadoraldia.com.ec\/index.php?rest_route=\/wp\/v2\/posts\/7315"}],"collection":[{"href":"https:\/\/www.ecuadoraldia.com.ec\/index.php?rest_route=\/wp\/v2\/posts"}],"about":[{"href":"https:\/\/www.ecuadoraldia.com.ec\/index.php?rest_route=\/wp\/v2\/types\/post"}],"author":[{"embeddable":true,"href":"https:\/\/www.ecuadoraldia.com.ec\/index.php?rest_route=\/wp\/v2\/users\/1"}],"replies":[{"embeddable":true,"href":"https:\/\/www.ecuadoraldia.com.ec\/index.php?rest_route=%2Fwp%2Fv2%2Fcomments&post=7315"}],"version-history":[{"count":1,"href":"https:\/\/www.ecuadoraldia.com.ec\/index.php?rest_route=\/wp\/v2\/posts\/7315\/revisions"}],"predecessor-version":[{"id":7317,"href":"https:\/\/www.ecuadoraldia.com.ec\/index.php?rest_route=\/wp\/v2\/posts\/7315\/revisions\/7317"}],"wp:attachment":[{"href":"https:\/\/www.ecuadoraldia.com.ec\/index.php?rest_route=%2Fwp%2Fv2%2Fmedia&parent=7315"}],"wp:term":[{"taxonomy":"category","embeddable":true,"href":"https:\/\/www.ecuadoraldia.com.ec\/index.php?rest_route=%2Fwp%2Fv2%2Fcategories&post=7315"},{"taxonomy":"post_tag","embeddable":true,"href":"https:\/\/www.ecuadoraldia.com.ec\/index.php?rest_route=%2Fwp%2Fv2%2Ftags&post=7315"}],"curies":[{"name":"wp","href":"https:\/\/api.w.org\/{rel}","templated":true}]}}