{"id":7318,"date":"2015-01-29T18:45:54","date_gmt":"2015-01-29T18:45:54","guid":{"rendered":"http:\/\/www.ecuadoraldia.com.ec\/?p=7318"},"modified":"2015-01-29T18:45:54","modified_gmt":"2015-01-29T18:45:54","slug":"ecuador-asume-presidencia-pro-tempore-de-la-celac","status":"publish","type":"post","link":"https:\/\/www.ecuadoraldia.com.ec\/?p=7318","title":{"rendered":"Ecuador asume presidencia pro t\u00e9mpore de la Celac"},"content":{"rendered":"<p style=\"text-align: justify;\"><a href=\"http:\/\/www.ecuadoraldia.com.ec\/wp-content\/uploads\/2015\/01\/CORREA_CELAC3_.jpg\"><img loading=\"lazy\" decoding=\"async\" class=\"alignleft size-medium wp-image-7319\" src=\"http:\/\/www.ecuadoraldia.com.ec\/wp-content\/uploads\/2015\/01\/CORREA_CELAC3_-300x180.jpg\" alt=\"CORREA_CELAC3_\" width=\"300\" height=\"180\" srcset=\"https:\/\/www.ecuadoraldia.com.ec\/wp-content\/uploads\/2015\/01\/CORREA_CELAC3_-300x180.jpg 300w, https:\/\/www.ecuadoraldia.com.ec\/wp-content\/uploads\/2015\/01\/CORREA_CELAC3_.jpg 450w\" sizes=\"(max-width: 300px) 100vw, 300px\" \/><\/a>Los gobernantes latinoamericanos y caribe\u00f1os cerraron este jueves dos d\u00edas de reuniones en Costa Rica con acuerdos que van desde un espaldarazo a las negociaciones entre Cuba y Estados Unidos, hasta las acciones conjuntas para frenar el cambio clim\u00e1tico y la pobreza.<\/p>\n<p style=\"text-align: justify;\">La III Cumbre de la Comunidad de Estados Latinoamericanos y Caribe\u00f1os (Celac) emiti\u00f3 una declaraci\u00f3n de m\u00e1s de 90 puntos y 25 declaraciones especiales sobre temas diversos.<\/p>\n<p style=\"text-align: justify;\">El mandatario de Costa Rica, Luis Guillermo Sol\u00eds, traspas\u00f3 la presidencia pro t\u00e9mpore a su colega ecuatoriano Rafael Correa, a quien le entrego una bandera como s\u00edmbolo de la transici\u00f3n.<\/p>\n<p style=\"text-align: justify;\">En su discurso, Sol\u00eds destac\u00f3 el trabajo realizado por su pa\u00eds, agradeci\u00f3 a todos los funcionarios involucrados y dese\u00f3 \u00e9xitos a Ecuador.<\/p>\n<p style=\"text-align: justify;\">Cooperaci\u00f3n Sur-Sur<\/p>\n<p style=\"text-align: justify;\">Seg\u00fan la Declaraci\u00f3n Pol\u00edtica de la III Cumbre del bloque regional, conformado por 33 pa\u00edses, esa cooperaci\u00f3n permitir\u00e1 enfrentar desaf\u00edos comunes y ayudar a los gobiernos de esta regi\u00f3n a rebasar esas metas.<\/p>\n<p style=\"text-align: justify;\">\u00abLa Cooperaci\u00f3n Sur-Sur constituye, para nuestra Comunidad, un instrumento privilegiado para la complementaci\u00f3n, la uni\u00f3n, la integraci\u00f3n y el intercambio horizontal de conocimiento entre sus miembros\u00bb, define el documento.<\/p>\n<p style=\"text-align: justify;\">Para la Celac, afirma, esta es tambi\u00e9n una manifestaci\u00f3n concreta de la solidaridad entre las naciones y permite a los pa\u00edses en v\u00edas de desarrollo desempe\u00f1ar un papel m\u00e1s activo en la pol\u00edtica internacional, as\u00ed como en los procesos de toma de decisiones.<\/p>\n<p style=\"text-align: justify;\">Con base en esas opiniones, los mandatarios participantes en la cita de Bel\u00e9n de Heredia, Costa Rica, determinaron articular las acciones de cooperaci\u00f3n del Grupo de Trabajo de Cooperaci\u00f3n Internacional (GTCI) con la de otros de la Celac.<\/p>\n<p style=\"text-align: justify;\">Tambi\u00e9n, fomentar el di\u00e1logo intergubernamental en las diversas materias con los organismos internacionales, regionales y subregionales de integraci\u00f3n para evitar la duplicidad de acciones, dar coherencia a los procesos de cooperaci\u00f3n, garantizar la complementariedad y lograr un valor agregado de la cooperaci\u00f3n regional.<\/p>\n<p style=\"text-align: justify;\">De igual modo manifestaron su complacencia con las acciones implementadas en favor de Hait\u00ed y reiteraron la voluntad de identificar nuevas formas de cooperaci\u00f3n con la expectativa de satisfacer las necesidades del pa\u00eds m\u00e1s pobre del hemisferio.<\/p>\n<p style=\"text-align: justify;\">El texto, rubricado por los gobernantes este 29 de enero, da seguimiento a la Declaraci\u00f3n sobre Cooperaci\u00f3n Internacional de la Celac (La Habana, 2014) y al Marco Conceptual de la Cooperaci\u00f3n Internacional en la Celac (San Jos\u00e9, 2014).<\/p>\n<p style=\"text-align: justify;\">La Celac, surgida a ra\u00edz de una iniciativa presentada el 23 de febrero del 2010, en M\u00e9xico, congrega a las naciones de esta parte del mundo, salvo a Estados Unidos y Canad\u00e1.<\/p>\n<p style=\"text-align: justify;\">Los pa\u00edses signatarios de la Declaraci\u00f3n de Caracas (2011), documento a partir del cual entr\u00f3 en funcionamiento ese bloque, son Costa Rica, Venezuela, Cuba, Ecuador, Antigua y Barbuda, Argentina, Bahamas, Barbados, Belice, Bolivia, Brasil, Chile, Colombia, Dominica, El Salvador, Granada, Guatemala y Trinidad y Tobago.<\/p>\n<p style=\"text-align: justify;\">Uruguay, Surinam, Jamaica, San Vicente y las Granadinas, Guyana, Santa Luc\u00eda, San Crist\u00f3bal y Nieves, Hait\u00ed, Honduras, M\u00e9xico, Nicaragua, Panam\u00e1, Paraguay, Per\u00fa y Rep\u00fablica Dominicana, igual participan en esa comunidad.(TELEGRAFO)<\/p>\n<p>&nbsp;<\/p>\n","protected":false},"excerpt":{"rendered":"<p>Los gobernantes latinoamericanos y caribe\u00f1os cerraron este jueves dos d\u00edas de reuniones en Costa Rica con acuerdos que van desde<\/p>\n","protected":false},"author":1,"featured_media":0,"comment_status":"open","ping_status":"open","sticky":false,"template":"","format":"standard","meta":{"footnotes":""},"categories":[1],"tags":[],"_links":{"self":[{"href":"https:\/\/www.ecuadoraldia.com.ec\/index.php?rest_route=\/wp\/v2\/posts\/7318"}],"collection":[{"href":"https:\/\/www.ecuadoraldia.com.ec\/index.php?rest_route=\/wp\/v2\/posts"}],"about":[{"href":"https:\/\/www.ecuadoraldia.com.ec\/index.php?rest_route=\/wp\/v2\/types\/post"}],"author":[{"embeddable":true,"href":"https:\/\/www.ecuadoraldia.com.ec\/index.php?rest_route=\/wp\/v2\/users\/1"}],"replies":[{"embeddable":true,"href":"https:\/\/www.ecuadoraldia.com.ec\/index.php?rest_route=%2Fwp%2Fv2%2Fcomments&post=7318"}],"version-history":[{"count":1,"href":"https:\/\/www.ecuadoraldia.com.ec\/index.php?rest_route=\/wp\/v2\/posts\/7318\/revisions"}],"predecessor-version":[{"id":7320,"href":"https:\/\/www.ecuadoraldia.com.ec\/index.php?rest_route=\/wp\/v2\/posts\/7318\/revisions\/7320"}],"wp:attachment":[{"href":"https:\/\/www.ecuadoraldia.com.ec\/index.php?rest_route=%2Fwp%2Fv2%2Fmedia&parent=7318"}],"wp:term":[{"taxonomy":"category","embeddable":true,"href":"https:\/\/www.ecuadoraldia.com.ec\/index.php?rest_route=%2Fwp%2Fv2%2Fcategories&post=7318"},{"taxonomy":"post_tag","embeddable":true,"href":"https:\/\/www.ecuadoraldia.com.ec\/index.php?rest_route=%2Fwp%2Fv2%2Ftags&post=7318"}],"curies":[{"name":"wp","href":"https:\/\/api.w.org\/{rel}","templated":true}]}}