{"id":7321,"date":"2015-01-30T00:32:31","date_gmt":"2015-01-30T00:32:31","guid":{"rendered":"http:\/\/www.ecuadoraldia.com.ec\/?p=7321"},"modified":"2015-01-30T00:32:31","modified_gmt":"2015-01-30T00:32:31","slug":"corte-interamericana-de-derechos-humanos-valora-aporte-de-ecuador-en-el-fortalecimiento-del-organismo","status":"publish","type":"post","link":"https:\/\/www.ecuadoraldia.com.ec\/?p=7321","title":{"rendered":"Corte Interamericana de Derechos Humanos valora aporte de Ecuador en el fortalecimiento del organismo"},"content":{"rendered":"<figure id=\"attachment_7322\" aria-describedby=\"caption-attachment-7322\" style=\"width: 300px\" class=\"wp-caption alignleft\"><a href=\"http:\/\/www.ecuadoraldia.com.ec\/wp-content\/uploads\/2015\/01\/cidh_correa.jpg\"><img loading=\"lazy\" decoding=\"async\" class=\"size-medium wp-image-7322\" src=\"http:\/\/www.ecuadoraldia.com.ec\/wp-content\/uploads\/2015\/01\/cidh_correa-300x225.jpg\" alt=\"El presidente de Ecuador, Rafael Correa, es recibido por el pleno de la CIDH. Foto: Danny Mera\/Andes\" width=\"300\" height=\"225\" srcset=\"https:\/\/www.ecuadoraldia.com.ec\/wp-content\/uploads\/2015\/01\/cidh_correa-300x225.jpg 300w, https:\/\/www.ecuadoraldia.com.ec\/wp-content\/uploads\/2015\/01\/cidh_correa.jpg 580w\" sizes=\"(max-width: 300px) 100vw, 300px\" \/><\/a><figcaption id=\"caption-attachment-7322\" class=\"wp-caption-text\">El presidente de Ecuador, Rafael Correa, es recibido por el pleno de la CIDH. Foto: Danny Mera\/Andes<\/figcaption><\/figure>\n<p style=\"text-align: justify;\">San Jos\u00e9, Costa Rica, 29 ene (Andes).- El presidente de la Corte Interamericana de Derechos Humanos (CIDH), Humberto Sierra, reconoci\u00f3 el aporte de Ecuador para el fortalecimiento de esta entidad, al valorar la visita que realiz\u00f3 el jefe de Estado de esta naci\u00f3n suramericana, Rafael Correa, la tarde de este jueves al pleno del organismo asentado en esta capital centroamericana.<\/p>\n<p style=\"text-align: justify;\">La visita se produce horas despu\u00e9s de las declaraciones del mandatario ecuatoriano en el marco del evento de traspaso de la presidencia pro t\u00e9mpore de la Comunidad de Estados Latinoamericanos y Caribe\u00f1os (Celac), donde pidi\u00f3 a sus hom\u00f3logos reflexionar sobre la conveniencia o no de tener a la sede de la Comisi\u00f3n Interamericana de Derechos Humanos en Washington y m\u00e1s bien impulsar un organismo, como la Corte IDH que responde a la realidad de la regi\u00f3n.<\/p>\n<p style=\"text-align: justify;\">Sierra dijo que este tipo de propuestas para mejorar el sistema IDH responden a una l\u00f3gica de debate democr\u00e1tico enriquecido por opiniones diversas.<\/p>\n<p style=\"text-align: justify;\">\u201cNosotros somos un tribunal de justicia que actuamos en derecho pero estamos conscientes que las sentencias nuestras generan un impacto pol\u00edtico\u00bb, se\u00f1al\u00f3 el magistrado.<\/p>\n<p style=\"text-align: justify;\">Sierra indic\u00f3 que se reuni\u00f3 en las \u00faltimas horas con otros mandatarios y delegados, entre ellos de Panam\u00e1 y Guatemala, que aprovecharon la III Cumbre de la Celac en Costa Rica para conocer de cerca el desempe\u00f1o de la Corte IDH.\/Andes<\/p>\n<p style=\"text-align: justify;\">\n","protected":false},"excerpt":{"rendered":"<p>San Jos\u00e9, Costa Rica, 29 ene (Andes).- El presidente de la Corte Interamericana de Derechos Humanos (CIDH), Humberto Sierra, reconoci\u00f3<\/p>\n","protected":false},"author":1,"featured_media":0,"comment_status":"open","ping_status":"open","sticky":false,"template":"","format":"standard","meta":{"footnotes":""},"categories":[1],"tags":[],"_links":{"self":[{"href":"https:\/\/www.ecuadoraldia.com.ec\/index.php?rest_route=\/wp\/v2\/posts\/7321"}],"collection":[{"href":"https:\/\/www.ecuadoraldia.com.ec\/index.php?rest_route=\/wp\/v2\/posts"}],"about":[{"href":"https:\/\/www.ecuadoraldia.com.ec\/index.php?rest_route=\/wp\/v2\/types\/post"}],"author":[{"embeddable":true,"href":"https:\/\/www.ecuadoraldia.com.ec\/index.php?rest_route=\/wp\/v2\/users\/1"}],"replies":[{"embeddable":true,"href":"https:\/\/www.ecuadoraldia.com.ec\/index.php?rest_route=%2Fwp%2Fv2%2Fcomments&post=7321"}],"version-history":[{"count":1,"href":"https:\/\/www.ecuadoraldia.com.ec\/index.php?rest_route=\/wp\/v2\/posts\/7321\/revisions"}],"predecessor-version":[{"id":7323,"href":"https:\/\/www.ecuadoraldia.com.ec\/index.php?rest_route=\/wp\/v2\/posts\/7321\/revisions\/7323"}],"wp:attachment":[{"href":"https:\/\/www.ecuadoraldia.com.ec\/index.php?rest_route=%2Fwp%2Fv2%2Fmedia&parent=7321"}],"wp:term":[{"taxonomy":"category","embeddable":true,"href":"https:\/\/www.ecuadoraldia.com.ec\/index.php?rest_route=%2Fwp%2Fv2%2Fcategories&post=7321"},{"taxonomy":"post_tag","embeddable":true,"href":"https:\/\/www.ecuadoraldia.com.ec\/index.php?rest_route=%2Fwp%2Fv2%2Ftags&post=7321"}],"curies":[{"name":"wp","href":"https:\/\/api.w.org\/{rel}","templated":true}]}}