{"id":7327,"date":"2015-01-30T00:40:50","date_gmt":"2015-01-30T00:40:50","guid":{"rendered":"http:\/\/www.ecuadoraldia.com.ec\/?p=7327"},"modified":"2015-01-30T00:40:50","modified_gmt":"2015-01-30T00:40:50","slug":"ecuador-envia-a-haiti-ultima-mision-para-trabajos-de-reconstruccion","status":"publish","type":"post","link":"https:\/\/www.ecuadoraldia.com.ec\/?p=7327","title":{"rendered":"Ecuador env\u00eda a Hait\u00ed \u00faltima misi\u00f3n para trabajos de reconstrucci\u00f3n"},"content":{"rendered":"<p style=\"text-align: justify;\"><a href=\"http:\/\/www.ecuadoraldia.com.ec\/wp-content\/uploads\/2015\/01\/cascos_azules.jpg\"><img loading=\"lazy\" decoding=\"async\" class=\"alignleft size-medium wp-image-7328\" src=\"http:\/\/www.ecuadoraldia.com.ec\/wp-content\/uploads\/2015\/01\/cascos_azules-300x196.jpg\" alt=\"cascos_azules\" width=\"300\" height=\"196\" srcset=\"https:\/\/www.ecuadoraldia.com.ec\/wp-content\/uploads\/2015\/01\/cascos_azules-300x196.jpg 300w, https:\/\/www.ecuadoraldia.com.ec\/wp-content\/uploads\/2015\/01\/cascos_azules.jpg 580w\" sizes=\"(max-width: 300px) 100vw, 300px\" \/><\/a>Quito, 29 ene (Andes).- Con una ceremonia religiosa las autoridades de las Fuerzas Armadas de Ecuador despidieron este jueves a un contingente de \u00abCascos Azules\u00bb que viajar\u00e1n el viernes hacia la Rep\u00fablica de Hait\u00ed para colaborar con los trabajos de reconstrucci\u00f3n en ese pa\u00eds.<\/p>\n<p style=\"text-align: justify;\">El grupo est\u00e1 integrado por miembros de los ej\u00e9rcitos de Ecuador y Chile y forman parte de un programa de ayuda humanitaria denominado \u201cMisi\u00f3n de Naciones Unidas para la Estabilizaci\u00f3n de Hait\u00ed\u201d. Ellos se encargan de colaborar en la reconstrucci\u00f3n vial de Hait\u00ed, despu\u00e9s de ese pa\u00eds fuera afectado por desastres naturales.<\/p>\n<p style=\"text-align: justify;\">Seg\u00fan Freddy Ayala, capit\u00e1n al mando de la misi\u00f3n, \u201ceste contingente tiene la misi\u00f3n de generar canales y trabajar en la reconstrucci\u00f3n de plataformas\u201d. Los integrantes son tres oficiales y 49 voluntarios los que viajar\u00e1n hasta Puerto Pr\u00edncipe hasta el 22 de abril.<\/p>\n<p style=\"text-align: justify;\">Adem\u00e1s, explic\u00f3 que, por tratarse de la \u00faltima misi\u00f3n, \u201chabr\u00e1 un contingente que se quede all\u00e1 hasta junio para generar el repliegue de la maquinaria y los activos fijos que existen all\u00e1\u201d.<\/p>\n<p style=\"text-align: justify;\">El grupo de \u201cCascos Azules\u201d partir\u00e1n a la capital haitiana desde el aeropuerto de la ciudad de Latacunga, en la zona sierra de Ecuador.<\/p>\n<p style=\"text-align: justify;\">Seg\u00fan informaci\u00f3n proporcionada por el Comando Conjunto de las Fuerzas Armadas de Ecuador, entre las principales obras realizadas constan: la construcci\u00f3n de puentes, reconstrucci\u00f3n de carreteras, construcci\u00f3n de aulas escolares, rehabilitaci\u00f3n de edificios y centros de salud, alcantarillado, entre otras.<\/p>\n<p style=\"text-align: justify;\">Para Julio Rivadeneira, uno de los voluntarios, \u201cla experiencia es satisfactoria porque se puede apoyar a un pa\u00eds hermano que se encuentra en crisis\u201d.<\/p>\n<p style=\"text-align: justify;\">Su esposa, Martha Y\u00e9pez, indic\u00f3 que a pesar de que en Ecuador deja a su esposa y a su peque\u00f1a hija ella \u201cest\u00e1 feliz porque \u00e9l va a prestar sus servicios y lo que sabe hacer para dar una mano a los hermanos de Hait\u00ed\u201d. (ANDES)<\/p>\n","protected":false},"excerpt":{"rendered":"<p>Quito, 29 ene (Andes).- Con una ceremonia religiosa las autoridades de las Fuerzas Armadas de Ecuador despidieron este jueves a<\/p>\n","protected":false},"author":1,"featured_media":0,"comment_status":"open","ping_status":"open","sticky":false,"template":"","format":"standard","meta":{"footnotes":""},"categories":[4],"tags":[],"_links":{"self":[{"href":"https:\/\/www.ecuadoraldia.com.ec\/index.php?rest_route=\/wp\/v2\/posts\/7327"}],"collection":[{"href":"https:\/\/www.ecuadoraldia.com.ec\/index.php?rest_route=\/wp\/v2\/posts"}],"about":[{"href":"https:\/\/www.ecuadoraldia.com.ec\/index.php?rest_route=\/wp\/v2\/types\/post"}],"author":[{"embeddable":true,"href":"https:\/\/www.ecuadoraldia.com.ec\/index.php?rest_route=\/wp\/v2\/users\/1"}],"replies":[{"embeddable":true,"href":"https:\/\/www.ecuadoraldia.com.ec\/index.php?rest_route=%2Fwp%2Fv2%2Fcomments&post=7327"}],"version-history":[{"count":1,"href":"https:\/\/www.ecuadoraldia.com.ec\/index.php?rest_route=\/wp\/v2\/posts\/7327\/revisions"}],"predecessor-version":[{"id":7329,"href":"https:\/\/www.ecuadoraldia.com.ec\/index.php?rest_route=\/wp\/v2\/posts\/7327\/revisions\/7329"}],"wp:attachment":[{"href":"https:\/\/www.ecuadoraldia.com.ec\/index.php?rest_route=%2Fwp%2Fv2%2Fmedia&parent=7327"}],"wp:term":[{"taxonomy":"category","embeddable":true,"href":"https:\/\/www.ecuadoraldia.com.ec\/index.php?rest_route=%2Fwp%2Fv2%2Fcategories&post=7327"},{"taxonomy":"post_tag","embeddable":true,"href":"https:\/\/www.ecuadoraldia.com.ec\/index.php?rest_route=%2Fwp%2Fv2%2Ftags&post=7327"}],"curies":[{"name":"wp","href":"https:\/\/api.w.org\/{rel}","templated":true}]}}