{"id":7336,"date":"2015-01-30T00:58:39","date_gmt":"2015-01-30T00:58:39","guid":{"rendered":"http:\/\/www.ecuadoraldia.com.ec\/?p=7336"},"modified":"2015-01-30T00:58:39","modified_gmt":"2015-01-30T00:58:39","slug":"un-nino-de-8-anos-interrogado-en-niza-por-apologia-de-terrorismo","status":"publish","type":"post","link":"https:\/\/www.ecuadoraldia.com.ec\/?p=7336","title":{"rendered":"Un ni\u00f1o de 8 a\u00f1os, interrogado en Niza por \u201capolog\u00eda de terrorismo\u201d"},"content":{"rendered":"<p style=\"text-align: justify;\"><a href=\"http:\/\/www.ecuadoraldia.com.ec\/wp-content\/uploads\/2015\/01\/noticia_fotograma.jpg\"><img loading=\"lazy\" decoding=\"async\" class=\"alignleft size-medium wp-image-7337\" src=\"http:\/\/www.ecuadoraldia.com.ec\/wp-content\/uploads\/2015\/01\/noticia_fotograma-300x168.jpg\" alt=\"noticia_fotograma\" width=\"300\" height=\"168\" srcset=\"https:\/\/www.ecuadoraldia.com.ec\/wp-content\/uploads\/2015\/01\/noticia_fotograma-300x168.jpg 300w, https:\/\/www.ecuadoraldia.com.ec\/wp-content\/uploads\/2015\/01\/noticia_fotograma.jpg 640w\" sizes=\"(max-width: 300px) 100vw, 300px\" \/><\/a>Un ni\u00f1o de ocho a\u00f1os ha sido interrogado este mi\u00e9rcoles en una comisar\u00eda de Niza en una causa abierta por \u201capolog\u00eda de terrorismo\u201d, seg\u00fan han informado el abogado de su familia, Sefen Guez Guez, y el denominado Colectivo contra la Islamofobia en Francia (CCIF). El letrado asegura que se trata de un ejemplo del \u201cestado de histeria colectiva\u201d que sufre Francia tras los recientes atentados yihadistas en Par\u00eds.<\/p>\n<p style=\"text-align: justify;\">\nDe acuerdo con esas fuentes, el origen de tan ins\u00f3lita comparecencia en comisar\u00eda se produjo el d\u00eda ocho, la fecha posterior al atentado contra la revista sat\u00edrica Charlie Hebdo, donde dos terroristas asesinaron a 12 personas. El ni\u00f1o, llamado Ahmed y de una familia musulmana, se encontraba en su clase de primaria cuando el profesor le pregunt\u00f3 si \u00e9l se consideraba Charlie, en referencia a la frase \u201cJe suis Charlie\u201d, difundida por todo el mundo en solidaridad con las v\u00edctimas del ataque.<\/p>\n<p style=\"text-align: justify;\">El alumno neg\u00f3 sentirse Charlie por razones religiosas y a\u00f1adi\u00f3: \u201cYo estoy con los terroristas\u201d. El profesor comunic\u00f3 lo ocurrido al director del centro, quien convoc\u00f3 a los padres del alumno. El d\u00eda 21, el director del colegio opt\u00f3 por presentar una denuncia ante la polic\u00eda. El Ministerio de Educaci\u00f3n, en efecto, confirm\u00f3 anoche la existencia de una denuncia, pero contra el padre del ni\u00f1o.<\/p>\n<p style=\"text-align: justify;\">La polic\u00eda, seg\u00fan ha contado el abogado a trav\u00e9s de su cuenta en Twitter, convoc\u00f3 a la comisar\u00eda al padre y a su hijo. El letrado, como el Colectivo contra la Islamofobia, coincide en asegurar que al ni\u00f1o le preguntaron qu\u00e9 quiere decir la palabra \u201cterrorismo\u201d. \u201cNo lo s\u00e9\u201d, respondi\u00f3. Tambi\u00e9n le interrogaron si era cierto que hab\u00eda dicho en la escuela que los periodistas merec\u00edan morir. \u201cEs falso. Nunca dije eso\u201d, contest\u00f3. El abogado s\u00ed admite que el ni\u00f1o reconoci\u00f3 haber comentado que \u00e9l se sent\u00eda del lado de los terroristas.<\/p>\n<p style=\"text-align: justify;\">Tanto el letrado como el CCIF han exigido que se abra una investigaci\u00f3n para determinar la responsabilidad en la que hayan podido incurrir tanto los directivos de la escuela primaria como de la polic\u00eda por haber sometido a un ni\u00f1o a una situaci\u00f3n tan \u201ctraum\u00e1tica\u201d. El alumno estuvo en la comisar\u00eda al menos durante media hora antes de permitirle irse con su padre. Fuentes policiales han se\u00f1alado al diario Le Figaro que el caso \u201ces m\u00e1s complejo\u201d de lo que parece inicialmente porque se investigan otros aspectos no relacionados directamente con el comportamiento del ni\u00f1o.(El Pa\u00eds.com)<\/p>\n","protected":false},"excerpt":{"rendered":"<p>Un ni\u00f1o de ocho a\u00f1os ha sido interrogado este mi\u00e9rcoles en una comisar\u00eda de Niza en una causa abierta por<\/p>\n","protected":false},"author":1,"featured_media":0,"comment_status":"open","ping_status":"open","sticky":false,"template":"","format":"standard","meta":{"footnotes":""},"categories":[7],"tags":[],"_links":{"self":[{"href":"https:\/\/www.ecuadoraldia.com.ec\/index.php?rest_route=\/wp\/v2\/posts\/7336"}],"collection":[{"href":"https:\/\/www.ecuadoraldia.com.ec\/index.php?rest_route=\/wp\/v2\/posts"}],"about":[{"href":"https:\/\/www.ecuadoraldia.com.ec\/index.php?rest_route=\/wp\/v2\/types\/post"}],"author":[{"embeddable":true,"href":"https:\/\/www.ecuadoraldia.com.ec\/index.php?rest_route=\/wp\/v2\/users\/1"}],"replies":[{"embeddable":true,"href":"https:\/\/www.ecuadoraldia.com.ec\/index.php?rest_route=%2Fwp%2Fv2%2Fcomments&post=7336"}],"version-history":[{"count":1,"href":"https:\/\/www.ecuadoraldia.com.ec\/index.php?rest_route=\/wp\/v2\/posts\/7336\/revisions"}],"predecessor-version":[{"id":7338,"href":"https:\/\/www.ecuadoraldia.com.ec\/index.php?rest_route=\/wp\/v2\/posts\/7336\/revisions\/7338"}],"wp:attachment":[{"href":"https:\/\/www.ecuadoraldia.com.ec\/index.php?rest_route=%2Fwp%2Fv2%2Fmedia&parent=7336"}],"wp:term":[{"taxonomy":"category","embeddable":true,"href":"https:\/\/www.ecuadoraldia.com.ec\/index.php?rest_route=%2Fwp%2Fv2%2Fcategories&post=7336"},{"taxonomy":"post_tag","embeddable":true,"href":"https:\/\/www.ecuadoraldia.com.ec\/index.php?rest_route=%2Fwp%2Fv2%2Ftags&post=7336"}],"curies":[{"name":"wp","href":"https:\/\/api.w.org\/{rel}","templated":true}]}}