{"id":7339,"date":"2015-01-30T15:56:43","date_gmt":"2015-01-30T15:56:43","guid":{"rendered":"http:\/\/www.ecuadoraldia.com.ec\/?p=7339"},"modified":"2015-01-30T15:56:43","modified_gmt":"2015-01-30T15:56:43","slug":"analizan-el-rol-de-los-trolls-y-el-anonimato-en-redes","status":"publish","type":"post","link":"https:\/\/www.ecuadoraldia.com.ec\/?p=7339","title":{"rendered":"Analizan el rol de los \u2018trolls\u2019 y el anonimato en redes"},"content":{"rendered":"<p style=\"text-align: justify;\"><a href=\"http:\/\/www.ecuadoraldia.com.ec\/wp-content\/uploads\/2015\/01\/rol-de-trolls.jpg\"><img loading=\"lazy\" decoding=\"async\" class=\"alignleft size-medium wp-image-7340\" src=\"http:\/\/www.ecuadoraldia.com.ec\/wp-content\/uploads\/2015\/01\/rol-de-trolls-300x148.jpg\" alt=\"rol de trolls\" width=\"300\" height=\"148\" srcset=\"https:\/\/www.ecuadoraldia.com.ec\/wp-content\/uploads\/2015\/01\/rol-de-trolls-300x148.jpg 300w, https:\/\/www.ecuadoraldia.com.ec\/wp-content\/uploads\/2015\/01\/rol-de-trolls.jpg 450w\" sizes=\"(max-width: 300px) 100vw, 300px\" \/><\/a>La libertad de expresi\u00f3n no ampara la imputaci\u00f3n de delitos inexistentes, la difusi\u00f3n de falsos rumores y las amenazas. As\u00ed lo aclar\u00f3 Rommel Jurado la noche del martes pasado durante el programa Pulso Pol\u00edtico.<\/p>\n<p style=\"text-align: justify;\">El espacio, conducido por Carlos Rabascall y transmitido en Ecuador TV, debati\u00f3 la regulaci\u00f3n o no de las redes sociales. El tema surgi\u00f3 luego de que el presidente Rafael Correa denunci\u00f3, en los 2 \u00faltimos enlaces ciudadanos, las amenazas contra su vida y la difusi\u00f3n de mentiras en su contra. \u201cDiga lo que quiera, pero h\u00e1gase responsable de lo que dice, sin importar la plataforma\u201d, explic\u00f3 Jurado, que particip\u00f3 en la elaboraci\u00f3n de la Ley Org\u00e1nica de Comunicaci\u00f3n (LOC).<\/p>\n<p style=\"text-align: justify;\">El l\u00edmite a la libertad de expresi\u00f3n, agreg\u00f3, est\u00e1 amparado en la Convenci\u00f3n Americana de Derechos Humanos y la Constituci\u00f3n. En ese punto estuvo de acuerdo el especialista en redes sociales Christian Espinoza. \u201cLas redes sociales no necesitan una regulaci\u00f3n adicional\u201d, asegur\u00f3. Puso como ejemplo que si alguien lanza un improperio en la calle puede ser sancionado; lo mismo ocurre con las plataformas virtuales.<\/p>\n<p style=\"text-align: justify;\">El otro aspecto controversial de las redes sociales es el anonimato. En este punto, Jurado afirm\u00f3 que una \u201ccomunicaci\u00f3n democr\u00e1tica no puede estar amparada en el anonimato, porque sirve de parapeto para cometer delitos\u201d.<\/p>\n<p style=\"text-align: justify;\">A\u00f1adi\u00f3 que los seres humanos son responsables de todos los actos que realicen, y la comunicaci\u00f3n es uno de ellos. \u201cPrivacidad y anonimato no es la misma cosa\u201d, insisti\u00f3.<\/p>\n<p style=\"text-align: justify;\">Espinoza reconoci\u00f3 que hay personas que mal utilizan el anonimato, pero por eso no se puede castigar a todos. Jos\u00e9 Rivera, consultor de redes sociales, cont\u00f3 que Twitter y Facebook tienen mecanismos para proporcionar la informaci\u00f3n de alg\u00fan usuario que haya atentado contra la seguridad nacional. Pero advirti\u00f3 que eso solo aplica cuando hay un proceso judicial de por medio. Y en el anonimato act\u00faan, casi siempre, los denominados trolls, que son usuarios sobre todo de Twitter, que se dedican a ofender y molestar.<\/p>\n<p style=\"text-align: justify;\">Jurado critic\u00f3 esta figura porque desdibuja el debate pol\u00edtico que surge en las redes sociales. \u201cSon actores ileg\u00edtimos. Simulan masividad. Falsifica el debate pol\u00edtico, el volumen del debate pol\u00edtico. Le baja el nivel, lo desvaloriza, genera un efecto antidemocr\u00e1tico que polariza. Cuando hay gente asalariada para ir por los extremos se genera polarizaci\u00f3n\u201d, advirti\u00f3.<\/p>\n<p style=\"text-align: justify;\">Y lo peor, aconsej\u00f3 Espinoza, es \u201calimentar al troll\u201d. Se refiere a que estos usuarios buscan protagonismo y cuando se les contesta es peor.<\/p>\n<p style=\"text-align: justify;\">Por eso mencion\u00f3 el efecto Crudo Ecuador. Cuando esa p\u00e1gina de Facebook fue mencionada por el presidente Correa en su sabatina su cantidad de seguidores aument\u00f3 exponencialmente.<\/p>\n<p style=\"text-align: justify;\">Los panelistas coincidieron en la necesidad de no alimentar el odio, de ninguna parte. En ese punto Rivera se refiri\u00f3 a los memes, que son dibujos o fotograf\u00edas con mensajes ir\u00f3nicos. \u201cLos memes son parte de esta nueva comunicaci\u00f3n y son los que m\u00e1s se viralizan porque apelan al humor\u201d, se\u00f1al\u00f3.<\/p>\n<p style=\"text-align: justify;\">La editorialista de EL TEL\u00c9GRAFO M\u00f3nica Mancero consider\u00f3 que si el debate en las redes se vuelve violento es un reflejo de la sociedad ecuatoriana. Por eso llam\u00f3 a que se canalice correctamente el activismo pol\u00edtico.<\/p>\n<p style=\"text-align: justify;\">Lo ideal, indic\u00f3, es no promover el ciberacoso. \u201cResponder a la ofensa con otra ofensa es otro error\u201d, opin\u00f3 Jurado. Y Espinosa consider\u00f3 como un error publicar las fotograf\u00edas en la sabatina de los tuiteros, porque se puede generar violencia.TELEGRAFO<\/p>\n","protected":false},"excerpt":{"rendered":"<p>La libertad de expresi\u00f3n no ampara la imputaci\u00f3n de delitos inexistentes, la difusi\u00f3n de falsos rumores y las amenazas. As\u00ed<\/p>\n","protected":false},"author":1,"featured_media":0,"comment_status":"open","ping_status":"open","sticky":false,"template":"","format":"standard","meta":{"footnotes":""},"categories":[3],"tags":[],"_links":{"self":[{"href":"https:\/\/www.ecuadoraldia.com.ec\/index.php?rest_route=\/wp\/v2\/posts\/7339"}],"collection":[{"href":"https:\/\/www.ecuadoraldia.com.ec\/index.php?rest_route=\/wp\/v2\/posts"}],"about":[{"href":"https:\/\/www.ecuadoraldia.com.ec\/index.php?rest_route=\/wp\/v2\/types\/post"}],"author":[{"embeddable":true,"href":"https:\/\/www.ecuadoraldia.com.ec\/index.php?rest_route=\/wp\/v2\/users\/1"}],"replies":[{"embeddable":true,"href":"https:\/\/www.ecuadoraldia.com.ec\/index.php?rest_route=%2Fwp%2Fv2%2Fcomments&post=7339"}],"version-history":[{"count":1,"href":"https:\/\/www.ecuadoraldia.com.ec\/index.php?rest_route=\/wp\/v2\/posts\/7339\/revisions"}],"predecessor-version":[{"id":7341,"href":"https:\/\/www.ecuadoraldia.com.ec\/index.php?rest_route=\/wp\/v2\/posts\/7339\/revisions\/7341"}],"wp:attachment":[{"href":"https:\/\/www.ecuadoraldia.com.ec\/index.php?rest_route=%2Fwp%2Fv2%2Fmedia&parent=7339"}],"wp:term":[{"taxonomy":"category","embeddable":true,"href":"https:\/\/www.ecuadoraldia.com.ec\/index.php?rest_route=%2Fwp%2Fv2%2Fcategories&post=7339"},{"taxonomy":"post_tag","embeddable":true,"href":"https:\/\/www.ecuadoraldia.com.ec\/index.php?rest_route=%2Fwp%2Fv2%2Ftags&post=7339"}],"curies":[{"name":"wp","href":"https:\/\/api.w.org\/{rel}","templated":true}]}}