{"id":7342,"date":"2015-01-30T16:00:13","date_gmt":"2015-01-30T16:00:13","guid":{"rendered":"http:\/\/www.ecuadoraldia.com.ec\/?p=7342"},"modified":"2015-01-30T16:03:09","modified_gmt":"2015-01-30T16:03:09","slug":"helicoptero-accidentado-se-reviso-la-semana-pasada","status":"publish","type":"post","link":"https:\/\/www.ecuadoraldia.com.ec\/?p=7342","title":{"rendered":"Helic\u00f3ptero accidentado se revis\u00f3 la semana pasada"},"content":{"rendered":"<p style=\"text-align: justify;\"><a href=\"http:\/\/www.ecuadoraldia.com.ec\/wp-content\/uploads\/2015\/01\/30-01-15-infogral-Dhruv.jpg\"><img loading=\"lazy\" decoding=\"async\" class=\"alignleft size-medium wp-image-7343\" src=\"http:\/\/www.ecuadoraldia.com.ec\/wp-content\/uploads\/2015\/01\/30-01-15-infogral-Dhruv-300x148.jpg\" alt=\"30-01-15-infogral-Dhruv\" width=\"300\" height=\"148\" srcset=\"https:\/\/www.ecuadoraldia.com.ec\/wp-content\/uploads\/2015\/01\/30-01-15-infogral-Dhruv-300x148.jpg 300w, https:\/\/www.ecuadoraldia.com.ec\/wp-content\/uploads\/2015\/01\/30-01-15-infogral-Dhruv.jpg 450w\" sizes=\"(max-width: 300px) 100vw, 300px\" \/><\/a>El Ministerio de Defensa conform\u00f3 la Junta Investigadora de Accidentes Militares (JIAM), con el objetivo de determinar las causas del accidente del helic\u00f3ptero Dhruv FAE-605, ocurrido el martes pasado, en Tena (Napo).<\/p>\n<p style=\"text-align: justify;\">Los 2 pilotos resultaron ilesos, mientras los mec\u00e1nicos reciben atenci\u00f3n m\u00e9dica.<\/p>\n<p style=\"text-align: justify;\">T\u00e9cnicos de la compa\u00f1\u00eda india Hindustan Aeronautics Limited (HAL), fabricante de estas aeronaves, est\u00e1n en Ecuador desde que otro Dhruv, el FAE-603, sufriera un accidente, el pasado 13 de enero. Este ocurri\u00f3 en Chong\u00f3n (Guayas).<\/p>\n<p style=\"text-align: justify;\">El Ministerio de Defensa se\u00f1ala que los t\u00e9cnicos del HAL realizaron una verificaci\u00f3n del Dhruv FAE-605, accidentado en Tena, \u201cy determinaron que presentaba par\u00e1metros de funcionamiento satisfactorios por lo que se autoriz\u00f3 el vuelo a Guayaquil\u201d.<\/p>\n<p style=\"text-align: justify;\">El ministro de Defensa Nacional, Fernando Cordero, inform\u00f3 ayer que se gestiona la participaci\u00f3n de pa\u00edses amigos para asesorar y apoyar a las juntas investigadoras de los dos accidentes. \u201cTal como prev\u00e9 el reglamento de la JIAM, el Midena solicita apoyo internacional para esclarecer accidentes de helic\u00f3pteros Dhruv\u201d, detall\u00f3 en el Twitter el funcionario.<\/p>\n<p style=\"text-align: justify;\">Paralelamente, la Contralor\u00eda General del Estado inici\u00f3 un nuevo examen especial a la ejecuci\u00f3n del contrato por la compra de los helic\u00f3pteros Dhruv, adquiridos para la Fuerza A\u00e9rea Ecuatoriana (FAE).<\/p>\n<p style=\"text-align: justify;\">La adquisici\u00f3n de los aparatos se hizo a trav\u00e9s del Ministerio de Defensa, el 5 de agosto de 2008.<\/p>\n<p style=\"text-align: justify;\">De acuerdo a informaci\u00f3n emitida por la Contralor\u00eda, en un plazo de 90 d\u00edas deber\u00e1 concluir el informe correspondiente que incluye el an\u00e1lisis del cumplimiento de las recomendaciones realizadas en un anterior examen especial, aprobado el 9 de mayo de 2013, por la adquisici\u00f3n de 7 helic\u00f3pteros. A las 2 aeronaves accidentadas, recientemente, se suman otras 2 que ocurrieron en a\u00f1os anteriores, incluido el helic\u00f3ptero presidencial.(El tel\u00e9grafo)<\/p>\n","protected":false},"excerpt":{"rendered":"<p>El Ministerio de Defensa conform\u00f3 la Junta Investigadora de Accidentes Militares (JIAM), con el objetivo de determinar las causas del<\/p>\n","protected":false},"author":1,"featured_media":0,"comment_status":"open","ping_status":"open","sticky":false,"template":"","format":"standard","meta":{"footnotes":""},"categories":[1],"tags":[],"_links":{"self":[{"href":"https:\/\/www.ecuadoraldia.com.ec\/index.php?rest_route=\/wp\/v2\/posts\/7342"}],"collection":[{"href":"https:\/\/www.ecuadoraldia.com.ec\/index.php?rest_route=\/wp\/v2\/posts"}],"about":[{"href":"https:\/\/www.ecuadoraldia.com.ec\/index.php?rest_route=\/wp\/v2\/types\/post"}],"author":[{"embeddable":true,"href":"https:\/\/www.ecuadoraldia.com.ec\/index.php?rest_route=\/wp\/v2\/users\/1"}],"replies":[{"embeddable":true,"href":"https:\/\/www.ecuadoraldia.com.ec\/index.php?rest_route=%2Fwp%2Fv2%2Fcomments&post=7342"}],"version-history":[{"count":3,"href":"https:\/\/www.ecuadoraldia.com.ec\/index.php?rest_route=\/wp\/v2\/posts\/7342\/revisions"}],"predecessor-version":[{"id":7346,"href":"https:\/\/www.ecuadoraldia.com.ec\/index.php?rest_route=\/wp\/v2\/posts\/7342\/revisions\/7346"}],"wp:attachment":[{"href":"https:\/\/www.ecuadoraldia.com.ec\/index.php?rest_route=%2Fwp%2Fv2%2Fmedia&parent=7342"}],"wp:term":[{"taxonomy":"category","embeddable":true,"href":"https:\/\/www.ecuadoraldia.com.ec\/index.php?rest_route=%2Fwp%2Fv2%2Fcategories&post=7342"},{"taxonomy":"post_tag","embeddable":true,"href":"https:\/\/www.ecuadoraldia.com.ec\/index.php?rest_route=%2Fwp%2Fv2%2Ftags&post=7342"}],"curies":[{"name":"wp","href":"https:\/\/api.w.org\/{rel}","templated":true}]}}