{"id":7350,"date":"2015-01-31T00:22:36","date_gmt":"2015-01-31T00:22:36","guid":{"rendered":"http:\/\/www.ecuadoraldia.com.ec\/?p=7350"},"modified":"2015-01-31T00:22:36","modified_gmt":"2015-01-31T00:22:36","slug":"alianza-pais-buscara-potenciar-sus-procesos-organizativos-y-politicos","status":"publish","type":"post","link":"https:\/\/www.ecuadoraldia.com.ec\/?p=7350","title":{"rendered":"Alianza PAIS buscar\u00e1 potenciar sus procesos organizativos y pol\u00edticos"},"content":{"rendered":"<p style=\"text-align: justify;\"><a href=\"http:\/\/www.ecuadoraldia.com.ec\/wp-content\/uploads\/2015\/01\/ap.jpg\"><img loading=\"lazy\" decoding=\"async\" class=\"alignleft size-full wp-image-7351\" src=\"http:\/\/www.ecuadoraldia.com.ec\/wp-content\/uploads\/2015\/01\/ap.jpg\" alt=\"ap\" width=\"273\" height=\"198\" \/><\/a>Las directivas nacionales, provinciales y de organizaci\u00f3n territorial de PAIS se reunieron hoy para debatir lo que ser\u00e1 el plan 2015 que busca potenciar todos los procesos organizativos y pol\u00edticos del movimiento.<\/p>\n<p style=\"text-align: justify;\">Los temas iban a ser presentados en la primera reuni\u00f3n de la Direcci\u00f3n Nacional de la organizaci\u00f3n pol\u00edtica.<\/p>\n<p style=\"text-align: justify;\">A la cita estaba prevista la asistencia del presidente, Rafael Correa; del vicepresidente, Jorge Glas; de Carlos Marx Carrasco, l\u00edder de la Comisi\u00f3n de \u00c9tica; Pabel Mu\u00f1oz, del Instituto de Pensamiento Pol\u00edtico de AP; los secretarios nacionales y los 24 directores provinciales.<\/p>\n<p style=\"text-align: justify;\">La reuni\u00f3n de la ma\u00f1ana estuvo liderada por Doris Soliz, secretaria ejecutiva de PAIS, y participaron los directores y secretarios nacionales y provinciales, entre ellos, \u00d3scar Bonilla y Miguel Carvajal.<\/p>\n<p style=\"text-align: justify;\">Bonilla indic\u00f3 que cada comisi\u00f3n y secretar\u00eda nacional gener\u00f3 un plan de trabajo que se lo present\u00f3 a los directores provinciales. \u201cCon ellos se debati\u00f3 en base a un an\u00e1lisis de la coyuntura pol\u00edtica y de las tareas fundamentales de la acci\u00f3n pol\u00edtica, a fin de lograr una visi\u00f3n m\u00e1s sistem\u00e1tica y estructural, que permita la articulaci\u00f3n de todas las vertientes del pensamiento y de todas las estructuras especializadas\u201d, dijo.<\/p>\n<p style=\"text-align: justify;\">A\u00f1adi\u00f3 que los temas se relacionan con la formaci\u00f3n pol\u00edtica en los territorios; la propuesta de socializaci\u00f3n de las enmiendas constitucionales; el impulso de un proceso de gesti\u00f3n planificada a nivel nacional; y definir un sistema de comunicaci\u00f3n interna, \u201cinstrumento que permita al l\u00edder del PAIS (Correa) emitir orientaciones, mensajes, disposiciones y mandatos a todas las estructuras y militantes de AP\u201d.<\/p>\n<p style=\"text-align: justify;\">Y puntualiz\u00f3 que \u00abeste instrumento aspiramos en el curso de este a\u00f1o pueda tener una cobertura no menor a 450 mil adherentes de nuestros movimiento y obviamente va a servir para potenciar todos nuestros procesos tanto organizativos como pol\u00edticos\u00bb.(el telegrafo)<\/p>\n","protected":false},"excerpt":{"rendered":"<p>Las directivas nacionales, provinciales y de organizaci\u00f3n territorial de PAIS se reunieron hoy para debatir lo que ser\u00e1 el plan<\/p>\n","protected":false},"author":1,"featured_media":0,"comment_status":"open","ping_status":"open","sticky":false,"template":"","format":"standard","meta":{"footnotes":""},"categories":[3],"tags":[],"_links":{"self":[{"href":"https:\/\/www.ecuadoraldia.com.ec\/index.php?rest_route=\/wp\/v2\/posts\/7350"}],"collection":[{"href":"https:\/\/www.ecuadoraldia.com.ec\/index.php?rest_route=\/wp\/v2\/posts"}],"about":[{"href":"https:\/\/www.ecuadoraldia.com.ec\/index.php?rest_route=\/wp\/v2\/types\/post"}],"author":[{"embeddable":true,"href":"https:\/\/www.ecuadoraldia.com.ec\/index.php?rest_route=\/wp\/v2\/users\/1"}],"replies":[{"embeddable":true,"href":"https:\/\/www.ecuadoraldia.com.ec\/index.php?rest_route=%2Fwp%2Fv2%2Fcomments&post=7350"}],"version-history":[{"count":1,"href":"https:\/\/www.ecuadoraldia.com.ec\/index.php?rest_route=\/wp\/v2\/posts\/7350\/revisions"}],"predecessor-version":[{"id":7352,"href":"https:\/\/www.ecuadoraldia.com.ec\/index.php?rest_route=\/wp\/v2\/posts\/7350\/revisions\/7352"}],"wp:attachment":[{"href":"https:\/\/www.ecuadoraldia.com.ec\/index.php?rest_route=%2Fwp%2Fv2%2Fmedia&parent=7350"}],"wp:term":[{"taxonomy":"category","embeddable":true,"href":"https:\/\/www.ecuadoraldia.com.ec\/index.php?rest_route=%2Fwp%2Fv2%2Fcategories&post=7350"},{"taxonomy":"post_tag","embeddable":true,"href":"https:\/\/www.ecuadoraldia.com.ec\/index.php?rest_route=%2Fwp%2Fv2%2Ftags&post=7350"}],"curies":[{"name":"wp","href":"https:\/\/api.w.org\/{rel}","templated":true}]}}