{"id":7353,"date":"2015-01-31T00:28:43","date_gmt":"2015-01-31T00:28:43","guid":{"rendered":"http:\/\/www.ecuadoraldia.com.ec\/?p=7353"},"modified":"2015-01-31T00:28:43","modified_gmt":"2015-01-31T00:28:43","slug":"corte-idh-reconoce-aporte-de-ecuador-en-defensa-de-derechos-humanos","status":"publish","type":"post","link":"https:\/\/www.ecuadoraldia.com.ec\/?p=7353","title":{"rendered":"Corte IDH reconoce aporte de Ecuador en defensa de derechos humanos"},"content":{"rendered":"<p style=\"text-align: justify;\">\u00a0<a href=\"http:\/\/www.ecuadoraldia.com.ec\/wp-content\/uploads\/2015\/01\/CORTEIDH1.jpg\"><img loading=\"lazy\" decoding=\"async\" class=\"alignleft size-full wp-image-7354\" src=\"http:\/\/www.ecuadoraldia.com.ec\/wp-content\/uploads\/2015\/01\/CORTEIDH1.jpg\" alt=\"CORTEIDH1\" width=\"275\" height=\"142\" \/><\/a>Mar\u00eda Elena Vaca, enviada especial a Costa Rica. \u201cPara nuestra Corte Interamericana de Derechos Humanos, garant\u00eda para nuestra ciudadan\u00eda de la Patria Grande, un abrazo ecuatoriano\u201d, escribi\u00f3 esta noche el presidente Rafael Correa en el libro de visitas de la instituci\u00f3n.<\/p>\n<p style=\"text-align: justify;\">Correa fue el primer presidente ecuatoriano en visitar la sede de la CorteIDH, que se encuentra en el barrio Yoses al este de San Jos\u00e9 de Costa Rica. Fue recibido por Humberto Sierra, presidente del organismo, quien reconoci\u00f3 el aporte que realiza el gobierno del presidente Rafael Correa para la defensa de los derechos humanos, sobretodo en el financiamiento.<\/p>\n<p style=\"text-align: justify;\">La sede de la CorteIDH ocupa una cuadra del barrio, en donde habita la gente con m\u00e1s ingresos econ\u00f3micos de San Jos\u00e9. El nombre de la organizaci\u00f3n solo se encuentra en una placa negra con letras doradas que se coloc\u00f3 en puerta de ingreso. La moderna edificaci\u00f3n de color blanco tiene 2 pisos. Est\u00e1 constru\u00edda con pilastras y balcones. En la planta baja hay una peque\u00f1a sala en donde Sierra atiende a los invitados. Arriba, por unas gradas de forma circular, que parecen interminables, se encuentra la sala de sesiones, que deslumbra por los grandes ventanales que se cubren con cortinas blancas, al igual que los cartuchos sumergidos en agua cristalina, que adornan la mesa central.<\/p>\n<p style=\"text-align: justify;\">El libro de visitas de color azul guarda los mensajes m\u00e1s diversos de los mandatarios, que han visitado la CorteIDH desde su primera reuni\u00f3n el 29 de junio de 1979. En el balc\u00f3n blanco, ubicado en el ingreso a la sede de la organizaci\u00f3n, flamean tanto la bandera de Costa Rica, que conserva la sede desde 1978, as\u00ed como la bandera de la Organizaci\u00f3n de Estados Americanos (OEA), que es la entidad que designa a los 7 jueces del tribunal.<\/p>\n<p style=\"text-align: justify;\">Sierra se\u00f1al\u00f3 que el gobierno ecuatoriano destina $ 1 mill\u00f3n para que la organizaci\u00f3n siga funcionando. Agreg\u00f3 que la relaci\u00f3n con Ecuador es pr\u00f3spera. Por ello agradeci\u00f3 las convicciones democr\u00e1ticas en defensa de los derechos humanos que tiene el Ecuador, sobre todo en cuanto al financiamiento de la organizaci\u00f3n. Correa se\u00f1al\u00f3 que la CorteIDH debe contar con fondos previsibles.<\/p>\n<p style=\"text-align: justify;\">Correa recibi\u00f3 de manos de Sierra un martillo judicial, tallado en madera, como s\u00edmbolo de la justicia.<\/p>\n<p style=\"text-align: justify;\">El Mandatario calific\u00f3 como un honor a la invitaci\u00f3n que recibi\u00f3 por parte de los magistrados. Dijo que el trabajo de la CorteIDH es incuestionable. \u201cEstamos comprometidos con los derechos humanos, sin embargo eso no impide que cuestionemos ciertas distorsiones que creemos que tiene el sistema\u201d. Reiter\u00f3 que en cuanto a la Corte no tiene ninguna obsevaci\u00f3n, \u201cporque se gu\u00edan dentro de un riguroso proceso, muy apegada a la Convenci\u00f3n e instrumentos de derechos humanos\u201d.<\/p>\n<p style=\"text-align: justify;\">Sin embargo cuestion\u00f3 el trabajo de la Comisi\u00f3n Interamericana de Derechos Humanos (CIDH), que a su criterio se convirti\u00f3 \u201cen una comisar\u00eda, en donde van todos los perdedores de los gobiernos progresistas\u201d. Agreg\u00f3 que dicha instituci\u00f3n entrega medidas cautelares atentando contra la soberan\u00eda de los Estados y sistemas jur\u00eddicos, \u201cque en algunos casos se demoran a\u00f1os y en otros horas\u201d. Rechaz\u00f3 que la CIDH tenga la sede en EE.UU., un pa\u00eds que no ratific\u00f3 los instrumentos internacionales como el Pacto de San Jos\u00e9.<\/p>\n<p style=\"text-align: justify;\">Por ello, reiter\u00f3 en la necesidad de que los Estados aporten para el financiamiento de organismos como la corte, porque aquello garantiza la independencia judicial.<\/p>\n<p style=\"text-align: justify;\">Sierra explic\u00f3 que la Corte no trabaja en forma permanente. A criterio del Jefe de Estado aquello deber\u00eda cambiar y por ello se\u00f1al\u00f3 que podr\u00eda tramitar con la OEA o la instancia que sea necesario una reforma que permita que los magistrados trabajen en forma permanente.<\/p>\n<p style=\"text-align: justify;\">Los 7 magistrados, adem\u00e1s de la secretaria ejecutiva, no se mostraron esquivos ante la idea y ante la propuesta de Correa asentaron su predisposici\u00f3n con la cabeza.<\/p>\n<p style=\"text-align: justify;\">\u201cNunca nos ha fastidiado la justicia, pero en apego a derecho\u201d, dijo Correa.<\/p>\n<p style=\"text-align: justify;\">Junto al Mandatario estuvieron el canciller Ricardo Pati\u00f1o, la ministra de Justicia Ledy Zu\u00f1iga, adem\u00e1s de los ministros Guillaume Long, coordinador de Talento Humano; Cecilia Vaca, coordinadora de Desarrollo Social y el secretario de Comunicaci\u00f3n, Fernando Alvarado, entre otras autoridades.<\/p>\n<p style=\"text-align: justify;\">Zu\u00f1iga explic\u00f3 que el gobierno ecuatoriano ha dado cumplimiento a 13 sentencias del organismo, que fueron ejecutadas en gobiernos anteriores al de Correa. Convers\u00f3 a los jueces de la corte, al igual como lo hizo el Jefe de Estado, sobre las reformas en la justicia, entre ellos la creaci\u00f3n de la Defensor\u00eda P\u00fablica, que antes de su gobierno no exist\u00edan, as\u00ed como el Consejo de la Judicatura. Zu\u00f1iga dijo que antes las sentencias llegaban a un 30%, mientras que ahora en la justicia ecuatoriana hay un 70% de sentencias.<\/p>\n<p style=\"text-align: justify;\">De su lado, el canciller Pati\u00f1o comprometi\u00f3 el apoyo de Ecuador para el financiamiento del organismo. Argument\u00f3 que siempre le ha preocupado al Estado el direccionamiento de recursos para financiar el Sistema Interamericano de Derechos Humanos (SIDH)<\/p>\n<p style=\"text-align: justify;\">Todos los jueces de la Corte reconocieron el trabajo de Correa en defensa de los derechos humanos, entre ellos el juez Pablo Saavedra y la secretaria Emilia Segores, quien dijo que \u201cEcuador va por un buen camino\u201d.<\/p>\n<p style=\"text-align: justify;\">La reuni\u00f3n a ratos se torn\u00f3 incluso informal. Fue cuando el juez Saavedra halag\u00f3 al presidente Correa por el uso de las camisas bordadas. \u201cEs la envidia de nosotros\u201d, le dijo el magistrado. El mandatario les cont\u00f3 que son elaboradas por artesanos de una comunidad de Imbabura. Se comprometi\u00f3 en hacerles llegar una de las creaciones artesanales ecuatorianas. (El tel\u00e9grafo)<\/p>\n","protected":false},"excerpt":{"rendered":"<p>\u00a0Mar\u00eda Elena Vaca, enviada especial a Costa Rica. \u201cPara nuestra Corte Interamericana de Derechos Humanos, garant\u00eda para nuestra ciudadan\u00eda de<\/p>\n","protected":false},"author":1,"featured_media":0,"comment_status":"open","ping_status":"open","sticky":false,"template":"","format":"standard","meta":{"footnotes":""},"categories":[7],"tags":[],"_links":{"self":[{"href":"https:\/\/www.ecuadoraldia.com.ec\/index.php?rest_route=\/wp\/v2\/posts\/7353"}],"collection":[{"href":"https:\/\/www.ecuadoraldia.com.ec\/index.php?rest_route=\/wp\/v2\/posts"}],"about":[{"href":"https:\/\/www.ecuadoraldia.com.ec\/index.php?rest_route=\/wp\/v2\/types\/post"}],"author":[{"embeddable":true,"href":"https:\/\/www.ecuadoraldia.com.ec\/index.php?rest_route=\/wp\/v2\/users\/1"}],"replies":[{"embeddable":true,"href":"https:\/\/www.ecuadoraldia.com.ec\/index.php?rest_route=%2Fwp%2Fv2%2Fcomments&post=7353"}],"version-history":[{"count":1,"href":"https:\/\/www.ecuadoraldia.com.ec\/index.php?rest_route=\/wp\/v2\/posts\/7353\/revisions"}],"predecessor-version":[{"id":7355,"href":"https:\/\/www.ecuadoraldia.com.ec\/index.php?rest_route=\/wp\/v2\/posts\/7353\/revisions\/7355"}],"wp:attachment":[{"href":"https:\/\/www.ecuadoraldia.com.ec\/index.php?rest_route=%2Fwp%2Fv2%2Fmedia&parent=7353"}],"wp:term":[{"taxonomy":"category","embeddable":true,"href":"https:\/\/www.ecuadoraldia.com.ec\/index.php?rest_route=%2Fwp%2Fv2%2Fcategories&post=7353"},{"taxonomy":"post_tag","embeddable":true,"href":"https:\/\/www.ecuadoraldia.com.ec\/index.php?rest_route=%2Fwp%2Fv2%2Ftags&post=7353"}],"curies":[{"name":"wp","href":"https:\/\/api.w.org\/{rel}","templated":true}]}}