{"id":7356,"date":"2015-01-31T00:29:47","date_gmt":"2015-01-31T00:29:47","guid":{"rendered":"http:\/\/www.ecuadoraldia.com.ec\/?p=7356"},"modified":"2015-01-31T00:29:47","modified_gmt":"2015-01-31T00:29:47","slug":"sasha-pique-hijo-de-shakira-y-gerard-pique-socio-155-629-del-barcelona","status":"publish","type":"post","link":"https:\/\/www.ecuadoraldia.com.ec\/?p=7356","title":{"rendered":"Sasha Piqu\u00e9, hijo de Shakira y Gerard Piqu\u00e9, socio 155.629 del Barcelona"},"content":{"rendered":"<p style=\"text-align: justify;\"><a href=\"http:\/\/www.ecuadoraldia.com.ec\/wp-content\/uploads\/2015\/01\/piqe.jpg\"><img loading=\"lazy\" decoding=\"async\" class=\"alignleft size-medium wp-image-7357\" src=\"http:\/\/www.ecuadoraldia.com.ec\/wp-content\/uploads\/2015\/01\/piqe-300x224.jpg\" alt=\"piqe\" width=\"300\" height=\"224\" srcset=\"https:\/\/www.ecuadoraldia.com.ec\/wp-content\/uploads\/2015\/01\/piqe-300x224.jpg 300w, https:\/\/www.ecuadoraldia.com.ec\/wp-content\/uploads\/2015\/01\/piqe.jpg 450w\" sizes=\"(max-width: 300px) 100vw, 300px\" \/><\/a>El segundo hijo de la cantante colombiana Shakira y del jugador del Barcelona Gerard Piqu\u00e9 se llamar\u00e1 Sasha y ya es desde hoy nuevo socio del club azulgrana, despu\u00e9s de que su bisabuelo, Amador Bernab\u00e9u, haya acudido al club a inscribirlo.<\/p>\n<p style=\"text-align: justify;\">Shakira y Piqu\u00e9 fueron padres ayer por segunda vez despu\u00e9s de que la cantante se sometiera a una ces\u00e1rea en el hospital Teknon de Barcelona, donde fue atendida por la doctora Carlota Garc\u00eda Valdecasas y su equipo.<\/p>\n<p style=\"text-align: justify;\">Amador Bernab\u00e9u, abuelo de Gerard Piqu\u00e9, confirm\u00f3 a diversos medios de comunicaci\u00f3n que tanto el ni\u00f1o como la madre se encuentran en perfecto estado, y que la opini\u00f3n m\u00e1s generalizada entre la familia es que Sasha se parece a su padre, mientras su hermano Milan se asemejaba m\u00e1s a su madre cuando naci\u00f3.<\/p>\n<p style=\"text-align: justify;\">Bernab\u00e9u asegur\u00f3 tambi\u00e9n que la reacci\u00f3n de Milan al conocer a su hermano ha sido \u00abmuy positiva\u00bb, aunque ahora tendr\u00e1 que entender que sus padres \u00abdeber\u00e1n compartir los mimos\u00bb que est\u00e1 recibiendo con Sasha.<\/p>\n<p style=\"text-align: justify;\">El FC Barcelona regal\u00f3 al nuevo socio dos peque\u00f1as camisetas del equipo de f\u00fatbol con el n\u00famero 3 a la espalda, el mismo que luce el defensa azulgrana.<\/p>\n<p style=\"text-align: justify;\">Amador Bernab\u00e9u, que tambi\u00e9n inscribi\u00f3 a Gerard Piqu\u00e9 como socio del FC Barcelona el mismo d\u00eda de su nacimiento, se\u00f1al\u00f3 que a los ni\u00f1os \u00abse les debe llevar por buen camino desde que nacen\u00bb, y que hoy mismo entregar\u00e1 el carn\u00e9 de socio del Barza de Sasha a sus padres como \u00abun regalo de todo coraz\u00f3n\u00bb.<\/p>\n","protected":false},"excerpt":{"rendered":"<p>El segundo hijo de la cantante colombiana Shakira y del jugador del Barcelona Gerard Piqu\u00e9 se llamar\u00e1 Sasha y ya<\/p>\n","protected":false},"author":1,"featured_media":0,"comment_status":"open","ping_status":"open","sticky":false,"template":"","format":"standard","meta":{"footnotes":""},"categories":[10],"tags":[],"_links":{"self":[{"href":"https:\/\/www.ecuadoraldia.com.ec\/index.php?rest_route=\/wp\/v2\/posts\/7356"}],"collection":[{"href":"https:\/\/www.ecuadoraldia.com.ec\/index.php?rest_route=\/wp\/v2\/posts"}],"about":[{"href":"https:\/\/www.ecuadoraldia.com.ec\/index.php?rest_route=\/wp\/v2\/types\/post"}],"author":[{"embeddable":true,"href":"https:\/\/www.ecuadoraldia.com.ec\/index.php?rest_route=\/wp\/v2\/users\/1"}],"replies":[{"embeddable":true,"href":"https:\/\/www.ecuadoraldia.com.ec\/index.php?rest_route=%2Fwp%2Fv2%2Fcomments&post=7356"}],"version-history":[{"count":1,"href":"https:\/\/www.ecuadoraldia.com.ec\/index.php?rest_route=\/wp\/v2\/posts\/7356\/revisions"}],"predecessor-version":[{"id":7358,"href":"https:\/\/www.ecuadoraldia.com.ec\/index.php?rest_route=\/wp\/v2\/posts\/7356\/revisions\/7358"}],"wp:attachment":[{"href":"https:\/\/www.ecuadoraldia.com.ec\/index.php?rest_route=%2Fwp%2Fv2%2Fmedia&parent=7356"}],"wp:term":[{"taxonomy":"category","embeddable":true,"href":"https:\/\/www.ecuadoraldia.com.ec\/index.php?rest_route=%2Fwp%2Fv2%2Fcategories&post=7356"},{"taxonomy":"post_tag","embeddable":true,"href":"https:\/\/www.ecuadoraldia.com.ec\/index.php?rest_route=%2Fwp%2Fv2%2Ftags&post=7356"}],"curies":[{"name":"wp","href":"https:\/\/api.w.org\/{rel}","templated":true}]}}