{"id":7359,"date":"2015-01-31T18:35:01","date_gmt":"2015-01-31T18:35:01","guid":{"rendered":"http:\/\/www.ecuadoraldia.com.ec\/?p=7359"},"modified":"2015-01-31T18:35:01","modified_gmt":"2015-01-31T18:35:01","slug":"ecuador-se-promocionara-en-el-super-tazon-2015","status":"publish","type":"post","link":"https:\/\/www.ecuadoraldia.com.ec\/?p=7359","title":{"rendered":"Ecuador se promocionar\u00e1 en el Super Taz\u00f3n 2015"},"content":{"rendered":"<p style=\"text-align: justify;\"><a href=\"http:\/\/www.ecuadoraldia.com.ec\/wp-content\/uploads\/2015\/01\/ttrenec.jpg\"><img loading=\"lazy\" decoding=\"async\" class=\"alignleft size-medium wp-image-7360\" src=\"http:\/\/www.ecuadoraldia.com.ec\/wp-content\/uploads\/2015\/01\/ttrenec-300x199.jpg\" alt=\"ttrenec\" width=\"300\" height=\"199\" srcset=\"https:\/\/www.ecuadoraldia.com.ec\/wp-content\/uploads\/2015\/01\/ttrenec-300x199.jpg 300w, https:\/\/www.ecuadoraldia.com.ec\/wp-content\/uploads\/2015\/01\/ttrenec.jpg 373w\" sizes=\"(max-width: 300px) 100vw, 300px\" \/><\/a>Quito (Pichincha).- El Presidente Rafael Correa dio su espaldarazo al Ministerio de Turismo que este 1 de febrero del 2015, promocionar\u00e1 al pa\u00eds como destino tur\u00edstico en la edici\u00f3n n\u00famero 49 del Super Bowl, el evento deportivo m\u00e1s grande de EE.UU. Durante el Enlace Ciudadano, 409, difundido desde la estaci\u00f3n del tren de Chimbacalle, al sur de Quito, el Mandatario indic\u00f3 que el spot ser\u00e1 visto por millones de estadounidenses y tambi\u00e9n ser\u00e1 visto por algunos pa\u00edses de Latinoam\u00e9rica.<\/p>\n<p style=\"text-align: justify;\">La ministra de Turismo, Sandra Naranjo, dijo que las mejores im\u00e1genes de nuestro maravilloso pa\u00eds se mostrar\u00e1n en todo su esplendor durante el medio tiempo de la gran final del f\u00fatbol americano. Esto, con el objetivo de fortalecer la campa\u00f1a All You Need Is Ecuador y lograr que el pa\u00eds sea reconocido como un destino de clase mundial en un mercado clave. Se prev\u00e9 que a trav\u00e9s de la promoci\u00f3n televisiva se logre llegar a m\u00e1s de 60 millones de personas.<\/p>\n<p style=\"text-align: justify;\">Naranjo describi\u00f3 como \u201cambiciosa y positiva\u201d a esta estrategia promocional que permitir\u00e1 \u201cmostrarle al mundo lo mejor que tenemos\u201d, asegur\u00f3. Sostuvo que estima que, gracias a estas y otras acciones, el incremento ser\u00e1 de alrededor del 5 por ciento lo que generar\u00e1 m\u00e1s de 600 millones de d\u00f3lares para el pa\u00eds. Esto es 60 millones adicionales, 15 veces m\u00e1s la inversi\u00f3n inicial. De igual forma se prev\u00e9 la generaci\u00f3n de alrededor de 1800 puestos de empleo. Vale recalcar que un incremento para 2015 de apenas el 1 por ciento de este mercado cubrir\u00eda la inversi\u00f3n del Super Bowl.<\/p>\n<p style=\"text-align: justify;\">Esta es la primera vez que el Ecuador se promociona de una manera tan ambiciosa ante la amplia audiencia del pa\u00eds norteamericano y ser\u00e1 el \u00fanico pa\u00eds en aparecer en el Super Bowl 2015. Una adaptaci\u00f3n de 30 segundos del spot de la exitosa campa\u00f1a All You Need Is Ecuador aparecer\u00e1 en el medio tiempo del partido el 1 de febrero. Las ciudades en donde se ha pautado la aparici\u00f3n del video son: Nueva York, Seattle, San Francisco, Los \u00c1ngeles, Dallas, Houston, Denver, Atlanta, Miami, Chicago, Boston, Filadelfia, Nueva Jersey y Washington, a trav\u00e9s de la cadena NBC. Estas ciudades representan mercados priorizados dentro de Estados Unidos, el cual es uno de los mercados objetivos m\u00e1s importantes para el pa\u00eds.<\/p>\n<p style=\"text-align: justify;\">En el marco de la participaci\u00f3n de Ecuador en este evento de relevancia mundial, el Ministerio de Turismo invit\u00f3 a la industria estadounidense a sumarse a la campa\u00f1a. Las mayoristas de turismo m\u00e1s grandes del pa\u00eds norteamericano estar\u00e1n promocionando sus paquetes en paralelo con el Mintur. Estas incluyen empresas como Adventures by Disney, GateOne y REI Adventures \u2013 quienes env\u00edan miles de turistas al Ecuador cada a\u00f1o.<\/p>\n<p style=\"text-align: justify;\">El Mintur ha creado alianzas con las aerol\u00edneas y la industria tur\u00edstica nacional; en ese contexto, se proporcion\u00f3 artes gr\u00e1ficas y directrices creativas a aerol\u00edneas como Tame, Avianca, Copa Airlines, LAN Ecuador, United Airlines y American Airlines, adem\u00e1s de operadoras tur\u00edsticas, hoteles y empresas en la cadena tur\u00edstica nacional. Estas acciones se enfocan principalmente en medios digitales. MNC\/El Ciudadano.<\/p>\n","protected":false},"excerpt":{"rendered":"<p>Quito (Pichincha).- El Presidente Rafael Correa dio su espaldarazo al Ministerio de Turismo que este 1 de febrero del 2015,<\/p>\n","protected":false},"author":1,"featured_media":0,"comment_status":"open","ping_status":"open","sticky":false,"template":"","format":"standard","meta":{"footnotes":""},"categories":[11,1],"tags":[],"_links":{"self":[{"href":"https:\/\/www.ecuadoraldia.com.ec\/index.php?rest_route=\/wp\/v2\/posts\/7359"}],"collection":[{"href":"https:\/\/www.ecuadoraldia.com.ec\/index.php?rest_route=\/wp\/v2\/posts"}],"about":[{"href":"https:\/\/www.ecuadoraldia.com.ec\/index.php?rest_route=\/wp\/v2\/types\/post"}],"author":[{"embeddable":true,"href":"https:\/\/www.ecuadoraldia.com.ec\/index.php?rest_route=\/wp\/v2\/users\/1"}],"replies":[{"embeddable":true,"href":"https:\/\/www.ecuadoraldia.com.ec\/index.php?rest_route=%2Fwp%2Fv2%2Fcomments&post=7359"}],"version-history":[{"count":1,"href":"https:\/\/www.ecuadoraldia.com.ec\/index.php?rest_route=\/wp\/v2\/posts\/7359\/revisions"}],"predecessor-version":[{"id":7361,"href":"https:\/\/www.ecuadoraldia.com.ec\/index.php?rest_route=\/wp\/v2\/posts\/7359\/revisions\/7361"}],"wp:attachment":[{"href":"https:\/\/www.ecuadoraldia.com.ec\/index.php?rest_route=%2Fwp%2Fv2%2Fmedia&parent=7359"}],"wp:term":[{"taxonomy":"category","embeddable":true,"href":"https:\/\/www.ecuadoraldia.com.ec\/index.php?rest_route=%2Fwp%2Fv2%2Fcategories&post=7359"},{"taxonomy":"post_tag","embeddable":true,"href":"https:\/\/www.ecuadoraldia.com.ec\/index.php?rest_route=%2Fwp%2Fv2%2Ftags&post=7359"}],"curies":[{"name":"wp","href":"https:\/\/api.w.org\/{rel}","templated":true}]}}