{"id":7371,"date":"2015-01-31T18:50:03","date_gmt":"2015-01-31T18:50:03","guid":{"rendered":"http:\/\/www.ecuadoraldia.com.ec\/?p=7371"},"modified":"2015-01-31T18:50:03","modified_gmt":"2015-01-31T18:50:03","slug":"calle-segundo-guerra-de-tumbaco-con-nueva-senalizacion-vial","status":"publish","type":"post","link":"https:\/\/www.ecuadoraldia.com.ec\/?p=7371","title":{"rendered":"Calle Segundo Guerra de Tumbaco con nueva se\u00f1alizaci\u00f3n vial"},"content":{"rendered":"<p style=\"text-align: justify;\"><a href=\"http:\/\/www.ecuadoraldia.com.ec\/wp-content\/uploads\/2015\/01\/calleGuerra.jpg\"><img loading=\"lazy\" decoding=\"async\" class=\"alignleft size-full wp-image-7372\" src=\"http:\/\/www.ecuadoraldia.com.ec\/wp-content\/uploads\/2015\/01\/calleGuerra.jpg\" alt=\"calleGuerra\" width=\"263\" height=\"173\" \/><\/a>La calle Segundo Guerra, una v\u00eda de doble sentido por la que se accede al Mercado de El Arenal en Tumbaco cuenta con nueva se\u00f1alizaci\u00f3n. En esta v\u00eda se configuraron las l\u00edneas de divisi\u00f3n de carriles, l\u00edneas de pare, ceda el paso, cruces peatonales o pasos cebras, l\u00edneas canalizadoras, flechas de direccionamiento y estacionamientos, en una extensi\u00f3n de 480 metros.<\/p>\n<p style=\"text-align: justify;\">Tambi\u00e9n en esta v\u00eda se configuraron las l\u00edneas de divisi\u00f3n de carriles, l\u00edneas de pare, ceda el paso, cruces peatonales o pasos cebras, l\u00edneas canalizadoras, flechas de direccionamiento&#8230;<\/p>\n<p style=\"text-align: justify;\">Los estacionamientos se\u00f1alizados permitir\u00e1n que los conductores utilicen correctamente estos espacios para mejorar los flujos vehiculares en el sector. Los trabajos de se\u00f1alizaci\u00f3n horizontal est\u00e1n a cargo del personal de la Direcci\u00f3n de Se\u00f1alizaci\u00f3n Vial de la EPMMOP.<\/p>\n<p style=\"text-align: justify;\">La l\u00ednea de color amarillo se usa para definir la demarcaci\u00f3n de separaci\u00f3n de corrientes de tr\u00e1nsito de sentido opuesto en v\u00edas de doble sentido.<\/p>\n<p style=\"text-align: justify;\">El paso cebra delimita una senda peatonal, en la cual el peat\u00f3n siempre tiene prioridad con respecto a los veh\u00edculos. Su se\u00f1alizaci\u00f3n se complementa con l\u00edneas en zig-zag que cumplen dos objetivos: primero, advertir a los conductores que se aproximan a un paso cebra y, segundo, proh\u00edbe a los conductores adelantar, estacionar o detenerse.<\/p>\n","protected":false},"excerpt":{"rendered":"<p>La calle Segundo Guerra, una v\u00eda de doble sentido por la que se accede al Mercado de El Arenal en<\/p>\n","protected":false},"author":1,"featured_media":0,"comment_status":"open","ping_status":"open","sticky":false,"template":"","format":"standard","meta":{"footnotes":""},"categories":[14],"tags":[],"_links":{"self":[{"href":"https:\/\/www.ecuadoraldia.com.ec\/index.php?rest_route=\/wp\/v2\/posts\/7371"}],"collection":[{"href":"https:\/\/www.ecuadoraldia.com.ec\/index.php?rest_route=\/wp\/v2\/posts"}],"about":[{"href":"https:\/\/www.ecuadoraldia.com.ec\/index.php?rest_route=\/wp\/v2\/types\/post"}],"author":[{"embeddable":true,"href":"https:\/\/www.ecuadoraldia.com.ec\/index.php?rest_route=\/wp\/v2\/users\/1"}],"replies":[{"embeddable":true,"href":"https:\/\/www.ecuadoraldia.com.ec\/index.php?rest_route=%2Fwp%2Fv2%2Fcomments&post=7371"}],"version-history":[{"count":1,"href":"https:\/\/www.ecuadoraldia.com.ec\/index.php?rest_route=\/wp\/v2\/posts\/7371\/revisions"}],"predecessor-version":[{"id":7373,"href":"https:\/\/www.ecuadoraldia.com.ec\/index.php?rest_route=\/wp\/v2\/posts\/7371\/revisions\/7373"}],"wp:attachment":[{"href":"https:\/\/www.ecuadoraldia.com.ec\/index.php?rest_route=%2Fwp%2Fv2%2Fmedia&parent=7371"}],"wp:term":[{"taxonomy":"category","embeddable":true,"href":"https:\/\/www.ecuadoraldia.com.ec\/index.php?rest_route=%2Fwp%2Fv2%2Fcategories&post=7371"},{"taxonomy":"post_tag","embeddable":true,"href":"https:\/\/www.ecuadoraldia.com.ec\/index.php?rest_route=%2Fwp%2Fv2%2Ftags&post=7371"}],"curies":[{"name":"wp","href":"https:\/\/api.w.org\/{rel}","templated":true}]}}