{"id":7377,"date":"2015-01-31T18:56:48","date_gmt":"2015-01-31T18:56:48","guid":{"rendered":"http:\/\/www.ecuadoraldia.com.ec\/?p=7377"},"modified":"2015-01-31T18:56:48","modified_gmt":"2015-01-31T18:56:48","slug":"hay-que-duplicar-esfuerzos-para-que-buen-vivir-llegue-a-todos-los-hogares","status":"publish","type":"post","link":"https:\/\/www.ecuadoraldia.com.ec\/?p=7377","title":{"rendered":"\u201cHay que duplicar esfuerzos para que Buen Vivir llegue a todos los hogares\u201d"},"content":{"rendered":"<p style=\"text-align: justify;\"><a href=\"http:\/\/www.ecuadoraldia.com.ec\/wp-content\/uploads\/2015\/01\/majo.jpg\"><img loading=\"lazy\" decoding=\"async\" class=\"alignleft size-medium wp-image-7378\" src=\"http:\/\/www.ecuadoraldia.com.ec\/wp-content\/uploads\/2015\/01\/majo-300x199.jpg\" alt=\"majo\" width=\"300\" height=\"199\" srcset=\"https:\/\/www.ecuadoraldia.com.ec\/wp-content\/uploads\/2015\/01\/majo-300x199.jpg 300w, https:\/\/www.ecuadoraldia.com.ec\/wp-content\/uploads\/2015\/01\/majo.jpg 500w\" sizes=\"(max-width: 300px) 100vw, 300px\" \/><\/a>En el Sal\u00f3n Jos\u00e9 Mej\u00eda Lequerica, la asamble\u00edsta Mar\u00eda Jos\u00e9 Carri\u00f3n rindi\u00f3 cuentas de su gesti\u00f3n, en cumplimiento de la norma constitucional. Al acto acudieron cerca de 500 personas, pertenecientes al Movimiento de Profesionales Patria para Todos, Organizaciones Culturales de Pichincha, del C\u00edrculo de la Prensa del Ecuador, de la Federaci\u00f3n Evang\u00e9lica de Ind\u00edgenas, de la Cooperativa de Vivienda Jaime Rold\u00f3s, la Uni\u00f3n de Propietarios de Farmacias Independientes, artesanos, maestros y rectores de universidades.<\/p>\n<p style=\"text-align: justify;\">Tambi\u00e9n estuvieron presentes la vicepresidenta de la Asamblea Nacional, Marcela Agui\u00f1aga; el Superintendente del Control de Poder del Mercado, los presidentes del Consejo de Participaci\u00f3n Ciudadana y Control Social y del Consejo de Regulaci\u00f3n de la Comunicaci\u00f3n, as\u00ed como delegados de las embajadas de Cuba y Rusia, entre otras personalidades.<\/p>\n<p style=\"text-align: justify;\">Marcela Agui\u00f1aga se\u00f1al\u00f3 que \u201cla rendici\u00f3n de cuentas constituye un espacio democr\u00e1tico para que la ciudadan\u00eda conozca y eval\u00fae el trabajo de sus representantes y fiscalice si hemos cumplido o no los planes de acci\u00f3n y los compromisos adquiridos cuando tocamos la puertas de la ciudadan\u00eda para pedir su voto\u201d.<\/p>\n<p style=\"text-align: justify;\">Resalt\u00f3 la lucha desarrollada por Mar\u00eda Jos\u00e9 Carri\u00f3n en defensa de los m\u00e1s despose\u00eddos y en especial por aquellas mujeres invisibilizadas que nunca fueron tomadas en cuenta por esas sociedades pasadas, caducas e inequitativas<\/p>\n<p style=\"text-align: justify;\">De su lado, Ren\u00e9 Viteri, de las Farmacias Populares, reconoci\u00f3 la preocupaci\u00f3n permanente de la asamble\u00edsta Mar\u00eda Jos\u00e9 Carri\u00f3n para evitar el monopolio, concentraci\u00f3n y competencia desleal en el mercado de comercializaci\u00f3n de las medicinas por parte de las grandes cadenas farmac\u00e9uticas.<\/p>\n<p style=\"text-align: justify;\">Mar\u00eda Jos\u00e9 Carri\u00f3n manifest\u00f3: \u201cnosotros fuimos electos como asamble\u00edstas para lograr transformar y generar esos puentes legales entre la Constituci\u00f3n y nuestras vidas; el rol del legislador es acercar las normas en beneficio de la gente\u201d.<\/p>\n<p style=\"text-align: justify;\">Invoc\u00f3 a duplicar los esfuerzos, contando siempre con el apoyo de la ciudadan\u00eda, respetando las diferencias, para hacer efectivo que el Buen Vivir llegue a todos los hogares ecuatorianos.<\/p>\n<p style=\"text-align: justify;\">El acto cont\u00f3 con la presencia art\u00edstica del grupo Culturas y Artistas Diversos del Ecuador (CADE) y la danza Balc\u00f3n Quite\u00f1o. MG\/pv<\/p>\n<p>&nbsp;<\/p>\n","protected":false},"excerpt":{"rendered":"<p>En el Sal\u00f3n Jos\u00e9 Mej\u00eda Lequerica, la asamble\u00edsta Mar\u00eda Jos\u00e9 Carri\u00f3n rindi\u00f3 cuentas de su gesti\u00f3n, en cumplimiento de la<\/p>\n","protected":false},"author":1,"featured_media":0,"comment_status":"open","ping_status":"open","sticky":false,"template":"","format":"standard","meta":{"footnotes":""},"categories":[3],"tags":[],"_links":{"self":[{"href":"https:\/\/www.ecuadoraldia.com.ec\/index.php?rest_route=\/wp\/v2\/posts\/7377"}],"collection":[{"href":"https:\/\/www.ecuadoraldia.com.ec\/index.php?rest_route=\/wp\/v2\/posts"}],"about":[{"href":"https:\/\/www.ecuadoraldia.com.ec\/index.php?rest_route=\/wp\/v2\/types\/post"}],"author":[{"embeddable":true,"href":"https:\/\/www.ecuadoraldia.com.ec\/index.php?rest_route=\/wp\/v2\/users\/1"}],"replies":[{"embeddable":true,"href":"https:\/\/www.ecuadoraldia.com.ec\/index.php?rest_route=%2Fwp%2Fv2%2Fcomments&post=7377"}],"version-history":[{"count":1,"href":"https:\/\/www.ecuadoraldia.com.ec\/index.php?rest_route=\/wp\/v2\/posts\/7377\/revisions"}],"predecessor-version":[{"id":7379,"href":"https:\/\/www.ecuadoraldia.com.ec\/index.php?rest_route=\/wp\/v2\/posts\/7377\/revisions\/7379"}],"wp:attachment":[{"href":"https:\/\/www.ecuadoraldia.com.ec\/index.php?rest_route=%2Fwp%2Fv2%2Fmedia&parent=7377"}],"wp:term":[{"taxonomy":"category","embeddable":true,"href":"https:\/\/www.ecuadoraldia.com.ec\/index.php?rest_route=%2Fwp%2Fv2%2Fcategories&post=7377"},{"taxonomy":"post_tag","embeddable":true,"href":"https:\/\/www.ecuadoraldia.com.ec\/index.php?rest_route=%2Fwp%2Fv2%2Ftags&post=7377"}],"curies":[{"name":"wp","href":"https:\/\/api.w.org\/{rel}","templated":true}]}}