{"id":7380,"date":"2015-02-01T20:00:45","date_gmt":"2015-02-01T20:00:45","guid":{"rendered":"http:\/\/www.ecuadoraldia.com.ec\/?p=7380"},"modified":"2015-02-01T20:00:45","modified_gmt":"2015-02-01T20:00:45","slug":"prensa-mercantilista-desinformo-posicion-ecuatoriana-sobre-derechos-humanos","status":"publish","type":"post","link":"https:\/\/www.ecuadoraldia.com.ec\/?p=7380","title":{"rendered":"Prensa mercantilista desinform\u00f3 posici\u00f3n ecuatoriana sobre derechos humanos"},"content":{"rendered":"<p style=\"text-align: justify;\"><a href=\"http:\/\/www.ecuadoraldia.com.ec\/wp-content\/uploads\/2015\/02\/enlaceciu.jpg\"><img loading=\"lazy\" decoding=\"async\" class=\"alignleft size-full wp-image-7381\" src=\"http:\/\/www.ecuadoraldia.com.ec\/wp-content\/uploads\/2015\/02\/enlaceciu.jpg\" alt=\"enlaceciu\" width=\"284\" height=\"177\" \/><\/a>Quito (Pichincha).- El Presidente Rafael Correa cuestion\u00f3 a la prensa privada ecuatoriana que durante la III Cumbre de la Comunidad de Estados Latinoamericanos y del Caribe, que se desarroll\u00f3 en Costa Rica, desinform\u00f3 al publicar en grandes titulares que Ecuador vet\u00f3 apoyo al SIDH (Sistema Interamericano de Derechos Humanos).<\/p>\n<p style=\"text-align: justify;\">El Mandatario en el Enlace Ciudadano 409, difundido desde la estaci\u00f3n del tren de Chimbacalle, al sur de Quito, desminti\u00f3 publicaciones de diarios capitalinos que se\u00f1alaban que fue \u00e9l (el Mandatario ecuatoriano) factor fundamental para impedir que se respaldara al Sistema Interamericano de Derechos Humanos.<\/p>\n<p style=\"text-align: justify;\">\u201cEso fue una gran mentira\u201d, dijo Correa al sostener que estos medios de comunicaci\u00f3n reprodujeron la equivocaci\u00f3n inicial en la que incurri\u00f3 el Presidente de Costa Rica, Luis Guillermo Sol\u00edz, durante la plenaria cuando se daban a conocer los acuerdos.<\/p>\n<p style=\"text-align: justify;\">En ese contexto, el Mandatario costarricense texualmente dijo: \u201cno fue el Gobierno de Ecuador el que solicit\u00f3 frenar el respaldo al SIDH en la cumbre de la Celac\u201d. Sin embargo esta declaraci\u00f3n no tuvo eco en los medios porque simplemente la censuraron.<\/p>\n<p style=\"text-align: justify;\">\u201cNosotros estamos totalmente del lado de los derechos humanos, pero estamos en contra de ciertas burocracias con agenda propia\u201d, reiter\u00f3 el Mandatario.<\/p>\n<p style=\"text-align: justify;\">\u201cQuieren posicionarnos como si estuvi\u00e9ramos en contra de los derechos humanos. Estamos en contra de un sistema dominado por pa\u00edses hegem\u00f3nicos y con graves contradicciones, insostenibles, impresentables\u201d, a\u00f1adi\u00f3. MNC\/El Ciudadano.<\/p>\n","protected":false},"excerpt":{"rendered":"<p>Quito (Pichincha).- El Presidente Rafael Correa cuestion\u00f3 a la prensa privada ecuatoriana que durante la III Cumbre de la Comunidad<\/p>\n","protected":false},"author":1,"featured_media":0,"comment_status":"open","ping_status":"open","sticky":false,"template":"","format":"standard","meta":{"footnotes":""},"categories":[3],"tags":[],"_links":{"self":[{"href":"https:\/\/www.ecuadoraldia.com.ec\/index.php?rest_route=\/wp\/v2\/posts\/7380"}],"collection":[{"href":"https:\/\/www.ecuadoraldia.com.ec\/index.php?rest_route=\/wp\/v2\/posts"}],"about":[{"href":"https:\/\/www.ecuadoraldia.com.ec\/index.php?rest_route=\/wp\/v2\/types\/post"}],"author":[{"embeddable":true,"href":"https:\/\/www.ecuadoraldia.com.ec\/index.php?rest_route=\/wp\/v2\/users\/1"}],"replies":[{"embeddable":true,"href":"https:\/\/www.ecuadoraldia.com.ec\/index.php?rest_route=%2Fwp%2Fv2%2Fcomments&post=7380"}],"version-history":[{"count":1,"href":"https:\/\/www.ecuadoraldia.com.ec\/index.php?rest_route=\/wp\/v2\/posts\/7380\/revisions"}],"predecessor-version":[{"id":7382,"href":"https:\/\/www.ecuadoraldia.com.ec\/index.php?rest_route=\/wp\/v2\/posts\/7380\/revisions\/7382"}],"wp:attachment":[{"href":"https:\/\/www.ecuadoraldia.com.ec\/index.php?rest_route=%2Fwp%2Fv2%2Fmedia&parent=7380"}],"wp:term":[{"taxonomy":"category","embeddable":true,"href":"https:\/\/www.ecuadoraldia.com.ec\/index.php?rest_route=%2Fwp%2Fv2%2Fcategories&post=7380"},{"taxonomy":"post_tag","embeddable":true,"href":"https:\/\/www.ecuadoraldia.com.ec\/index.php?rest_route=%2Fwp%2Fv2%2Ftags&post=7380"}],"curies":[{"name":"wp","href":"https:\/\/api.w.org\/{rel}","templated":true}]}}