{"id":7383,"date":"2015-02-01T20:03:33","date_gmt":"2015-02-01T20:03:33","guid":{"rendered":"http:\/\/www.ecuadoraldia.com.ec\/?p=7383"},"modified":"2015-02-01T20:03:33","modified_gmt":"2015-02-01T20:03:33","slug":"gabinetes-itinerantes-reactivan-la-economia-de-las-ciudades-donde-se-realiza","status":"publish","type":"post","link":"https:\/\/www.ecuadoraldia.com.ec\/?p=7383","title":{"rendered":"Gabinetes Itinerantes reactivan la econom\u00eda de las ciudades donde se realiza"},"content":{"rendered":"<p style=\"text-align: justify;\"><a href=\"http:\/\/www.ecuadoraldia.com.ec\/wp-content\/uploads\/2015\/02\/gabinetes.jpg\"><img loading=\"lazy\" decoding=\"async\" class=\"alignleft size-medium wp-image-7384\" src=\"http:\/\/www.ecuadoraldia.com.ec\/wp-content\/uploads\/2015\/02\/gabinetes-300x177.jpg\" alt=\"gabinetes\" width=\"300\" height=\"177\" srcset=\"https:\/\/www.ecuadoraldia.com.ec\/wp-content\/uploads\/2015\/02\/gabinetes-300x177.jpg 300w, https:\/\/www.ecuadoraldia.com.ec\/wp-content\/uploads\/2015\/02\/gabinetes.jpg 640w\" sizes=\"(max-width: 300px) 100vw, 300px\" \/><\/a>Quito (Pichincha).- El Presidente Rafael Correa destac\u00f3 el impacto social y econ\u00f3mico que generan los Gabinetes Itinerantes en las ciudades o poblaciones donde mensualmente se realizan.<\/p>\n<p style=\"text-align: justify;\">Durante el Enlace Ciudadano 409, difundido desde la estaci\u00f3n del tren de Chimbacalle, al sur de Quito, el Mandatario cuestion\u00f3 al periodista Diego Oquendo quien en su espacio informativo critic\u00f3 la realizaci\u00f3n de los Gabinetes Itinerantes e incluso pidi\u00f3 que se suspendan, porque seg\u00fan \u00e9l no sirven.<\/p>\n<p style=\"text-align: justify;\">\u201cEl comunicador Oquendo no entiende la l\u00f3gica de los Gabinetes Itinerantes, pero el pueblo y las localidades donde se realizan, s\u00ed lo entienden\u201d, dijo el jefe de Estado al sostener que la cr\u00edtica del comunicador refleja un regionalismo.<\/p>\n<p style=\"text-align: justify;\">Un Gabinete Itinerante no es solo la presencia del Gobierno en una peque\u00f1a poblaci\u00f3n, impensable en tiempos de la partidocracia, sino que seg\u00fan los ciudadanos ayudan a reactivar la econom\u00eda de los propietarios de restaurantes, hoteles e incluso de los transportistas locales.<\/p>\n<p style=\"text-align: justify;\">Los Gabinetes Itinerantes tambi\u00e9n ayudan a los periodistas locales que pueden entrevistar al Presidente de la Rep\u00fablica cuando con la partidocracia era patrimonio exclusivo de Diego Oquendo y su grupo.<\/p>\n<p style=\"text-align: justify;\">\u201cLos Gabinetes Itinerantes son una maravilla y una de las experiencias m\u00e1s intensas y hermosas\u201d, dijo el jefe de Estado al cuestionar el centralismo del comunicador Oquendo. MNC\/El Ciudadano<\/p>\n","protected":false},"excerpt":{"rendered":"<p>Quito (Pichincha).- El Presidente Rafael Correa destac\u00f3 el impacto social y econ\u00f3mico que generan los Gabinetes Itinerantes en las ciudades<\/p>\n","protected":false},"author":1,"featured_media":0,"comment_status":"open","ping_status":"open","sticky":false,"template":"","format":"standard","meta":{"footnotes":""},"categories":[1],"tags":[],"_links":{"self":[{"href":"https:\/\/www.ecuadoraldia.com.ec\/index.php?rest_route=\/wp\/v2\/posts\/7383"}],"collection":[{"href":"https:\/\/www.ecuadoraldia.com.ec\/index.php?rest_route=\/wp\/v2\/posts"}],"about":[{"href":"https:\/\/www.ecuadoraldia.com.ec\/index.php?rest_route=\/wp\/v2\/types\/post"}],"author":[{"embeddable":true,"href":"https:\/\/www.ecuadoraldia.com.ec\/index.php?rest_route=\/wp\/v2\/users\/1"}],"replies":[{"embeddable":true,"href":"https:\/\/www.ecuadoraldia.com.ec\/index.php?rest_route=%2Fwp%2Fv2%2Fcomments&post=7383"}],"version-history":[{"count":1,"href":"https:\/\/www.ecuadoraldia.com.ec\/index.php?rest_route=\/wp\/v2\/posts\/7383\/revisions"}],"predecessor-version":[{"id":7385,"href":"https:\/\/www.ecuadoraldia.com.ec\/index.php?rest_route=\/wp\/v2\/posts\/7383\/revisions\/7385"}],"wp:attachment":[{"href":"https:\/\/www.ecuadoraldia.com.ec\/index.php?rest_route=%2Fwp%2Fv2%2Fmedia&parent=7383"}],"wp:term":[{"taxonomy":"category","embeddable":true,"href":"https:\/\/www.ecuadoraldia.com.ec\/index.php?rest_route=%2Fwp%2Fv2%2Fcategories&post=7383"},{"taxonomy":"post_tag","embeddable":true,"href":"https:\/\/www.ecuadoraldia.com.ec\/index.php?rest_route=%2Fwp%2Fv2%2Ftags&post=7383"}],"curies":[{"name":"wp","href":"https:\/\/api.w.org\/{rel}","templated":true}]}}