{"id":7386,"date":"2015-02-01T20:07:23","date_gmt":"2015-02-01T20:07:23","guid":{"rendered":"http:\/\/www.ecuadoraldia.com.ec\/?p=7386"},"modified":"2015-02-01T20:07:23","modified_gmt":"2015-02-01T20:07:23","slug":"isis-decapito-al-periodista-japones-kenji-goto","status":"publish","type":"post","link":"https:\/\/www.ecuadoraldia.com.ec\/?p=7386","title":{"rendered":"ISIS decapit\u00f3 al periodista japon\u00e9s Kenji Goto"},"content":{"rendered":"<p style=\"text-align: justify;\"><a href=\"http:\/\/www.ecuadoraldia.com.ec\/wp-content\/uploads\/2015\/02\/crimen.jpg\"><img loading=\"lazy\" decoding=\"async\" class=\"alignleft size-full wp-image-7387\" src=\"http:\/\/www.ecuadoraldia.com.ec\/wp-content\/uploads\/2015\/02\/crimen.jpg\" alt=\"crimen\" width=\"273\" height=\"269\" \/><\/a>Los intentos de realizar un intercambio de rehenes entre los gobiernos de Jordania y Jap\u00f3n y el Estado Isl\u00e1mico (ISIS, por sus siglas en ingl\u00e9s) han terminado en fracaso.<\/p>\n<p style=\"text-align: justify;\">En la tarde de este s\u00e1bado la organizaci\u00f3n yihadista public\u00f3 un video de la decapitaci\u00f3n del reh\u00e9n japon\u00e9s, el periodista Kenji Goto, titulado \u00abUn mensaje para el gobierno de Jap\u00f3n\u00bb.<\/p>\n<p style=\"text-align: justify;\">Al igual que en videos anteriores, un hombre completamente vestido de negro habla junto a Goto, quien se encuentra de rodillas en el piso, vestido de naranja.<\/p>\n<p style=\"text-align: justify;\">\u00abAl gobierno japon\u00e9s: ustedes, al igual que sus tontos aliados en la coalici\u00f3n sat\u00e1nica, deben entender que nosotros, por la gracia de Dios, somos un califato isl\u00e1mico con autoridad y poder, un Ej\u00e9rcito sediento de su sangre\u00bb, dice amenazante el miliciano.<\/p>\n<p style=\"text-align: justify;\">Y contin\u00faa: \u00abAbe (por el premier japon\u00e9s Shinzo Abe), con tu temeraria decisi\u00f3n de participar en una guerra inganable este cuchillo no s\u00f3lo masacrar\u00e1 a Kenji, sino que tambi\u00e9n continuar\u00e1 y causar\u00e1 una carnicer\u00eda donde sea que est\u00e9 su gente\u00bb.<\/p>\n<p style=\"text-align: justify;\">En el final, lanza una amenaza a\u00fan mayor: \u00abQue comience la pesadilla para Jap\u00f3n\u00bb.<\/p>\n<p style=\"text-align: justify;\">De acuerdo a la agencia nacional de noticias japonesas, el gobierno se encontraba en este momento trabajando para corroborar la autenticidad de la grabaci\u00f3n.<\/p>\n<p style=\"text-align: justify;\">El video termina inmediatamente despu\u00e9s de las im\u00e1genes de la decapitaci\u00f3n de Kenji, sin menciones al otro reh\u00e9n en poder del ISIS, el piloto jordano Muaz al Kasabeh.<\/p>\n<p style=\"text-align: justify;\">Hasta el d\u00eda de ayer, segu\u00edan las negociaciones entre el gobierno jordano, el japon\u00e9s y los terroristas del Estado Isl\u00e1mico, que promet\u00edan liberar a los rehenes a cambio de que Jordania libere a la iraqu\u00ed Al Rishawi, una de las yihadistas m\u00e1s peligrosas de la organizaci\u00f3n isl\u00e1mica.<\/p>\n<p style=\"text-align: justify;\">A pesar de las conversaciones en curso, Jordania desconfiaba de la palabra de ISIS, por lo que hab\u00eda exigido una prueba de vida de Al Kasabeh, al tiempo que hab\u00eda lanzado una dura advertencia: \u00abMaten a nuestro piloto y ejecutaremos a todos sus prisioneros\u00bb.<\/p>\n<p style=\"text-align: justify;\">Durante la negociaci\u00f3n, Kenji Goto hab\u00eda sido utilizado por los terroristas para transmitir los mensajes. En este contexto, el gobierno japon\u00e9s tem\u00eda que su reh\u00e9n pudiera no formar parte de las negociaciones entre Jordania y el Estado Isl\u00e1mico, aunque el ministro de Relaciones Exteriores jordano, Nasser Judeh, hab\u00eda r\u00e1pidamente asegurado que la liberaci\u00f3n del periodista formar\u00eda parte de cualquier intercambio.(AFP)<\/p>\n","protected":false},"excerpt":{"rendered":"<p>Los intentos de realizar un intercambio de rehenes entre los gobiernos de Jordania y Jap\u00f3n y el Estado Isl\u00e1mico (ISIS,<\/p>\n","protected":false},"author":1,"featured_media":0,"comment_status":"open","ping_status":"open","sticky":false,"template":"","format":"standard","meta":{"footnotes":""},"categories":[7],"tags":[],"_links":{"self":[{"href":"https:\/\/www.ecuadoraldia.com.ec\/index.php?rest_route=\/wp\/v2\/posts\/7386"}],"collection":[{"href":"https:\/\/www.ecuadoraldia.com.ec\/index.php?rest_route=\/wp\/v2\/posts"}],"about":[{"href":"https:\/\/www.ecuadoraldia.com.ec\/index.php?rest_route=\/wp\/v2\/types\/post"}],"author":[{"embeddable":true,"href":"https:\/\/www.ecuadoraldia.com.ec\/index.php?rest_route=\/wp\/v2\/users\/1"}],"replies":[{"embeddable":true,"href":"https:\/\/www.ecuadoraldia.com.ec\/index.php?rest_route=%2Fwp%2Fv2%2Fcomments&post=7386"}],"version-history":[{"count":1,"href":"https:\/\/www.ecuadoraldia.com.ec\/index.php?rest_route=\/wp\/v2\/posts\/7386\/revisions"}],"predecessor-version":[{"id":7388,"href":"https:\/\/www.ecuadoraldia.com.ec\/index.php?rest_route=\/wp\/v2\/posts\/7386\/revisions\/7388"}],"wp:attachment":[{"href":"https:\/\/www.ecuadoraldia.com.ec\/index.php?rest_route=%2Fwp%2Fv2%2Fmedia&parent=7386"}],"wp:term":[{"taxonomy":"category","embeddable":true,"href":"https:\/\/www.ecuadoraldia.com.ec\/index.php?rest_route=%2Fwp%2Fv2%2Fcategories&post=7386"},{"taxonomy":"post_tag","embeddable":true,"href":"https:\/\/www.ecuadoraldia.com.ec\/index.php?rest_route=%2Fwp%2Fv2%2Ftags&post=7386"}],"curies":[{"name":"wp","href":"https:\/\/api.w.org\/{rel}","templated":true}]}}