{"id":7393,"date":"2015-02-01T20:45:20","date_gmt":"2015-02-01T20:45:20","guid":{"rendered":"http:\/\/www.ecuadoraldia.com.ec\/?p=7393"},"modified":"2015-02-01T20:48:04","modified_gmt":"2015-02-01T20:48:04","slug":"carolina-velez","status":"publish","type":"post","link":"https:\/\/www.ecuadoraldia.com.ec\/?p=7393","title":{"rendered":"Carolina V\u00e9lez"},"content":{"rendered":"<p><a href=\"http:\/\/www.ecuadoraldia.com.ec\/wp-content\/uploads\/2015\/02\/extra2.jpg\"><img loading=\"lazy\" decoding=\"async\" class=\"alignleft size-medium wp-image-7396\" src=\"http:\/\/www.ecuadoraldia.com.ec\/wp-content\/uploads\/2015\/02\/extra2-200x300.jpg\" alt=\"extra2\" width=\"200\" height=\"300\" srcset=\"https:\/\/www.ecuadoraldia.com.ec\/wp-content\/uploads\/2015\/02\/extra2-200x300.jpg 200w, https:\/\/www.ecuadoraldia.com.ec\/wp-content\/uploads\/2015\/02\/extra2.jpg 296w\" sizes=\"(max-width: 200px) 100vw, 200px\" \/><\/a>Esta guapa modelo colombiana ten\u00eda apenas siete meses de nacida cuando su pap\u00e1 se convirti\u00f3 en el angelito que la cuida desde el cielo. A\u00f1os m\u00e1s adelante, la muerte tambi\u00e9n dejar\u00eda hu\u00e9rfana a su hija Mar\u00eda Bel\u00e9n, de ocho a\u00f1os.<\/p>\n<p style=\"text-align: justify;\">La p\u00e9rdida de su pap\u00e1 y de su pareja le dejaron muchas tristezas a la hermosa Carolina V\u00e9lez quien, a pesar de ello, se sec\u00f3 las l\u00e1grimas y cumpli\u00f3 poco a poco sus anhelos; uno de ellos era volar.(extra.ec)<\/p>\n<p style=\"text-align: justify;\"><iframe loading=\"lazy\" width=\"800\" height=\"450\" src=\"https:\/\/www.youtube.com\/embed\/s76fA5x_dek?feature=oembed\" frameborder=\"0\" allowfullscreen><\/iframe><\/p>\n","protected":false},"excerpt":{"rendered":"<p>Esta guapa modelo colombiana ten\u00eda apenas siete meses de nacida cuando su pap\u00e1 se convirti\u00f3 en el angelito que la<\/p>\n","protected":false},"author":1,"featured_media":0,"comment_status":"open","ping_status":"open","sticky":false,"template":"","format":"standard","meta":{"footnotes":""},"categories":[1],"tags":[],"_links":{"self":[{"href":"https:\/\/www.ecuadoraldia.com.ec\/index.php?rest_route=\/wp\/v2\/posts\/7393"}],"collection":[{"href":"https:\/\/www.ecuadoraldia.com.ec\/index.php?rest_route=\/wp\/v2\/posts"}],"about":[{"href":"https:\/\/www.ecuadoraldia.com.ec\/index.php?rest_route=\/wp\/v2\/types\/post"}],"author":[{"embeddable":true,"href":"https:\/\/www.ecuadoraldia.com.ec\/index.php?rest_route=\/wp\/v2\/users\/1"}],"replies":[{"embeddable":true,"href":"https:\/\/www.ecuadoraldia.com.ec\/index.php?rest_route=%2Fwp%2Fv2%2Fcomments&post=7393"}],"version-history":[{"count":3,"href":"https:\/\/www.ecuadoraldia.com.ec\/index.php?rest_route=\/wp\/v2\/posts\/7393\/revisions"}],"predecessor-version":[{"id":7398,"href":"https:\/\/www.ecuadoraldia.com.ec\/index.php?rest_route=\/wp\/v2\/posts\/7393\/revisions\/7398"}],"wp:attachment":[{"href":"https:\/\/www.ecuadoraldia.com.ec\/index.php?rest_route=%2Fwp%2Fv2%2Fmedia&parent=7393"}],"wp:term":[{"taxonomy":"category","embeddable":true,"href":"https:\/\/www.ecuadoraldia.com.ec\/index.php?rest_route=%2Fwp%2Fv2%2Fcategories&post=7393"},{"taxonomy":"post_tag","embeddable":true,"href":"https:\/\/www.ecuadoraldia.com.ec\/index.php?rest_route=%2Fwp%2Fv2%2Ftags&post=7393"}],"curies":[{"name":"wp","href":"https:\/\/api.w.org\/{rel}","templated":true}]}}