{"id":7399,"date":"2015-02-02T23:06:29","date_gmt":"2015-02-02T23:06:29","guid":{"rendered":"http:\/\/www.ecuadoraldia.com.ec\/?p=7399"},"modified":"2015-02-02T23:06:29","modified_gmt":"2015-02-02T23:06:29","slug":"la-pelicula-ecuatoriana-la-muerte-de-jaime-roldos-recibe-un-nuevo-premio","status":"publish","type":"post","link":"https:\/\/www.ecuadoraldia.com.ec\/?p=7399","title":{"rendered":"La pel\u00edcula ecuatoriana \u201cLa muerte de Jaime Rold\u00f3s\u201d recibe un nuevo premio"},"content":{"rendered":"<p style=\"text-align: justify;\"><a href=\"http:\/\/www.ecuadoraldia.com.ec\/wp-content\/uploads\/2015\/02\/muerte-de-jaime-roldos.jpg\"><img loading=\"lazy\" decoding=\"async\" class=\"alignleft size-medium wp-image-7400\" src=\"http:\/\/www.ecuadoraldia.com.ec\/wp-content\/uploads\/2015\/02\/muerte-de-jaime-roldos-300x193.jpg\" alt=\"-muerte-de-jaime-roldos\" width=\"300\" height=\"193\" srcset=\"https:\/\/www.ecuadoraldia.com.ec\/wp-content\/uploads\/2015\/02\/muerte-de-jaime-roldos-300x193.jpg 300w, https:\/\/www.ecuadoraldia.com.ec\/wp-content\/uploads\/2015\/02\/muerte-de-jaime-roldos.jpg 327w\" sizes=\"(max-width: 300px) 100vw, 300px\" \/><\/a>Quito (Pichincha).- La Embajada del Ecuador en Italia conoci\u00f3 que, en el marco de la XXIX edici\u00f3n del Festival de Cine Americano de Trieste, el documental ecuatoriano \u201cLa Muerte de Jaime Rold\u00f3s\u201d, de los realizadores Manolo Sarmiento y Lisandra Rivera, recibi\u00f3 la primera menci\u00f3n especial del Premio Malvinas.<\/p>\n<p style=\"text-align: justify;\">Este Premio fue instituido con el objeto de reconocer a la pel\u00edcula que mejor representa los valores del respeto y la observancia del derecho internacional, la sana convivencia y la tolerancia.<\/p>\n<p style=\"text-align: justify;\">El jurado, compuesto por estudiantes de tres colegios secundarios de Trieste, seleccion\u00f3 al filme ecuatoriano \u201cpor su contribuci\u00f3n al conocimiento de eventos hist\u00f3ricos contempor\u00e1neos del Ecuador y por la descripci\u00f3n de las implicaciones emotivas que \u00e9stos han significado\u201d.<\/p>\n<p style=\"text-align: justify;\">\u201cLa Muerte de Jaime Rold\u00f3s\u201d fue seleccionado para competir para el Premio Malvinas junto a 9 pel\u00edculas de producci\u00f3n argentina, espa\u00f1ola e italiana.<\/p>\n<p style=\"text-align: justify;\">Este reconocimiento se suma a otros galardones recibidos por el documental que incluyen el Premio Imagen del Premio Gabriel Garc\u00eda M\u00e1rquez de la Fundaci\u00f3n para el Nuevo Periodismo Iberoamericano-FNPI; premio del p\u00fablico en el festival internacional de documentales DocsBarcelona; mejor documental y mejor gui\u00f3n otorgados por la Asociaci\u00f3n de Cr\u00edticos Cinematogr\u00e1ficos de Uruguay; Premio Coral de Documental de Largometraje en el Festival Internacional del Nuevo Cine Latinoamericano de La Habana; mejor documental en el Festival de Cine Latino de Toulouse; premio del p\u00fablico en el Festival Latino de Chicago; premio a la mejor investigaci\u00f3n y tratamiento de archivos en la 3ra. edici\u00f3n del Festival Internacional de Cine de UNASUR, entre otros.<\/p>\n<p style=\"text-align: justify;\">El documental, que llev\u00f3 siete a\u00f1os de investigaci\u00f3n hist\u00f3rica, cuestiona la versi\u00f3n oficial que determin\u00f3 como error humano el accidente en el que pereci\u00f3 el ex presidente Jaime Rold\u00f3s y su comitiva. El tr\u00e1gico destino del primer presidente de la democracia ecuatoriana contempor\u00e1nea es el punto de partida de una narraci\u00f3n intensa que combina periodismo de investigaci\u00f3n, lenguaje cinematogr\u00e1fico y profundo drama humano. \/Canciller\u00eda.<\/p>\n","protected":false},"excerpt":{"rendered":"<p>Quito (Pichincha).- La Embajada del Ecuador en Italia conoci\u00f3 que, en el marco de la XXIX edici\u00f3n del Festival de<\/p>\n","protected":false},"author":1,"featured_media":0,"comment_status":"open","ping_status":"open","sticky":false,"template":"","format":"standard","meta":{"footnotes":""},"categories":[8],"tags":[],"_links":{"self":[{"href":"https:\/\/www.ecuadoraldia.com.ec\/index.php?rest_route=\/wp\/v2\/posts\/7399"}],"collection":[{"href":"https:\/\/www.ecuadoraldia.com.ec\/index.php?rest_route=\/wp\/v2\/posts"}],"about":[{"href":"https:\/\/www.ecuadoraldia.com.ec\/index.php?rest_route=\/wp\/v2\/types\/post"}],"author":[{"embeddable":true,"href":"https:\/\/www.ecuadoraldia.com.ec\/index.php?rest_route=\/wp\/v2\/users\/1"}],"replies":[{"embeddable":true,"href":"https:\/\/www.ecuadoraldia.com.ec\/index.php?rest_route=%2Fwp%2Fv2%2Fcomments&post=7399"}],"version-history":[{"count":1,"href":"https:\/\/www.ecuadoraldia.com.ec\/index.php?rest_route=\/wp\/v2\/posts\/7399\/revisions"}],"predecessor-version":[{"id":7401,"href":"https:\/\/www.ecuadoraldia.com.ec\/index.php?rest_route=\/wp\/v2\/posts\/7399\/revisions\/7401"}],"wp:attachment":[{"href":"https:\/\/www.ecuadoraldia.com.ec\/index.php?rest_route=%2Fwp%2Fv2%2Fmedia&parent=7399"}],"wp:term":[{"taxonomy":"category","embeddable":true,"href":"https:\/\/www.ecuadoraldia.com.ec\/index.php?rest_route=%2Fwp%2Fv2%2Fcategories&post=7399"},{"taxonomy":"post_tag","embeddable":true,"href":"https:\/\/www.ecuadoraldia.com.ec\/index.php?rest_route=%2Fwp%2Fv2%2Ftags&post=7399"}],"curies":[{"name":"wp","href":"https:\/\/api.w.org\/{rel}","templated":true}]}}