{"id":7405,"date":"2015-02-02T23:13:51","date_gmt":"2015-02-02T23:13:51","guid":{"rendered":"http:\/\/www.ecuadoraldia.com.ec\/?p=7405"},"modified":"2015-02-02T23:13:51","modified_gmt":"2015-02-02T23:13:51","slug":"implementan-puente-aereo-para-mantener-abastecimiento-en-galapagos","status":"publish","type":"post","link":"https:\/\/www.ecuadoraldia.com.ec\/?p=7405","title":{"rendered":"Implementan puente a\u00e9reo para mantener abastecimiento en Gal\u00e1pagos"},"content":{"rendered":"<figure id=\"attachment_7407\" aria-describedby=\"caption-attachment-7407\" style=\"width: 300px\" class=\"wp-caption alignleft\"><a href=\"http:\/\/www.ecuadoraldia.com.ec\/wp-content\/uploads\/2015\/02\/avion-galapagos.jpg\"><img loading=\"lazy\" decoding=\"async\" class=\"size-medium wp-image-7407\" src=\"http:\/\/www.ecuadoraldia.com.ec\/wp-content\/uploads\/2015\/02\/avion-galapagos-300x166.jpg\" alt=\"foto internet-el comercio\" width=\"300\" height=\"166\" srcset=\"https:\/\/www.ecuadoraldia.com.ec\/wp-content\/uploads\/2015\/02\/avion-galapagos-300x166.jpg 300w, https:\/\/www.ecuadoraldia.com.ec\/wp-content\/uploads\/2015\/02\/avion-galapagos.jpg 612w\" sizes=\"(max-width: 300px) 100vw, 300px\" \/><\/a><figcaption id=\"caption-attachment-7407\" class=\"wp-caption-text\">foto internet-el comercio<\/figcaption><\/figure>\n<p style=\"text-align: justify;\">El Ministerio de Transporte y Obras P\u00fablicas (MTOP) inform\u00f3 que desde el 4 de febrero se implementar\u00e1 un puente a\u00e9reo, con el fin de mantener el abastecimiento regular de productos perecibles y no perecibles desde Latacunga y Guayaquil hacia las islas Gal\u00e1pagos.<\/p>\n<p style=\"text-align: justify;\">Las autoridades provinciales, Mar\u00eda Isabel Salvador y Jorge Torres, confirmaron que esta semana se realizar\u00e1n vuelos log\u00edsticos con productos para 3 islas. Los comerciantes deben coordinar con las jefaturas pol\u00edticas de esos cantones.<\/p>\n<p style=\"text-align: justify;\">Seg\u00fan el bolet\u00edn, este martes habr\u00e1 un vuelo log\u00edstico a la isla Isabela, con capacidad de 10.500 libras; y Baltra con capacidad de 20 toneladas.<\/p>\n<p style=\"text-align: justify;\">Para el mi\u00e9rcoles est\u00e1 programado un vuelo a las 05:00 desde Latacunga hasta Guayaquil, donde se abastecer\u00e1 de m\u00e1s productos y luego a San Crist\u00f3bal. Se tiene previsto llegue al archipi\u00e9lago a las 08:30 (hora local).<\/p>\n<p style=\"text-align: justify;\">El gobernador Jorge Torres indic\u00f3 que en coordinaci\u00f3n con las dem\u00e1s autoridades definir\u00e1n una programaci\u00f3n de vuelos hasta que ingrese el nuevo barco que est\u00e1 adquiriendo el Estado.<\/p>\n<p style=\"text-align: justify;\">Compa\u00f1\u00eda duena de aseguradora deber\u00e1 responder a comerciantes<\/p>\n<p style=\"text-align: justify;\">Desde las 18:00 del s\u00e1bado 31 de enero est\u00e1n suspendidas las operaciones de desembarque de carga del buque Floreana, que se var\u00f3 el 28 de enero en la rada frente a la isla San Crist\u00f3bal.<\/p>\n<p style=\"text-align: justify;\">Esta acci\u00f3n se efect\u00fao luego de que la compa\u00f1\u00eda T&amp;T Marine Salvage, contratada por el armador del buque siniestrado, iniciara el operativo de salvataje. \u00abPor razones de seguridad no se retirar\u00e1 por el momento ning\u00fan tipo de carga, pues se realizan maniobras de equilibrio del peso de la embarcaci\u00f3n para su posterior reflotamiento\u00bb, indic\u00f3 el COE Gal\u00e1pagos.<\/p>\n<p style=\"text-align: justify;\">Una vez que, desde el viernes 30 de enero el armador del buque suscribiera el contrato con la compa\u00f1\u00eda aseguradora, \u00e9sta asume de inmediato el operativo de salvataje del buque para su posterior hundimiento fuera de la reserva marina, lo que incluye el retiro de la carga que a\u00fan queda en el nav\u00edo, sin afectar a los ecosistemas marinos.<\/p>\n<p style=\"text-align: justify;\">Seg\u00fan informaci\u00f3n del administrador del buque, son 800 las toneladas de carga que a\u00fan quedan en el nav\u00edo, entre cemento, cervezas, hierro y productos perecibles. En este sentido, el COE resolvi\u00f3 que la compa\u00f1\u00eda armadora deber\u00e1 informar de manera clara y directa a los comerciantes afectados por el siniestro del nav\u00edo y que su aseguradora cubrir\u00e1 los costos por las p\u00e9rdidas ocasionadas. (EL tel\u00e9grafo)<\/p>\n","protected":false},"excerpt":{"rendered":"<p>El Ministerio de Transporte y Obras P\u00fablicas (MTOP) inform\u00f3 que desde el 4 de febrero se implementar\u00e1 un puente a\u00e9reo,<\/p>\n","protected":false},"author":1,"featured_media":0,"comment_status":"open","ping_status":"open","sticky":false,"template":"","format":"standard","meta":{"footnotes":""},"categories":[1],"tags":[],"_links":{"self":[{"href":"https:\/\/www.ecuadoraldia.com.ec\/index.php?rest_route=\/wp\/v2\/posts\/7405"}],"collection":[{"href":"https:\/\/www.ecuadoraldia.com.ec\/index.php?rest_route=\/wp\/v2\/posts"}],"about":[{"href":"https:\/\/www.ecuadoraldia.com.ec\/index.php?rest_route=\/wp\/v2\/types\/post"}],"author":[{"embeddable":true,"href":"https:\/\/www.ecuadoraldia.com.ec\/index.php?rest_route=\/wp\/v2\/users\/1"}],"replies":[{"embeddable":true,"href":"https:\/\/www.ecuadoraldia.com.ec\/index.php?rest_route=%2Fwp%2Fv2%2Fcomments&post=7405"}],"version-history":[{"count":1,"href":"https:\/\/www.ecuadoraldia.com.ec\/index.php?rest_route=\/wp\/v2\/posts\/7405\/revisions"}],"predecessor-version":[{"id":7408,"href":"https:\/\/www.ecuadoraldia.com.ec\/index.php?rest_route=\/wp\/v2\/posts\/7405\/revisions\/7408"}],"wp:attachment":[{"href":"https:\/\/www.ecuadoraldia.com.ec\/index.php?rest_route=%2Fwp%2Fv2%2Fmedia&parent=7405"}],"wp:term":[{"taxonomy":"category","embeddable":true,"href":"https:\/\/www.ecuadoraldia.com.ec\/index.php?rest_route=%2Fwp%2Fv2%2Fcategories&post=7405"},{"taxonomy":"post_tag","embeddable":true,"href":"https:\/\/www.ecuadoraldia.com.ec\/index.php?rest_route=%2Fwp%2Fv2%2Ftags&post=7405"}],"curies":[{"name":"wp","href":"https:\/\/api.w.org\/{rel}","templated":true}]}}