{"id":7409,"date":"2015-02-02T23:15:23","date_gmt":"2015-02-02T23:15:23","guid":{"rendered":"http:\/\/www.ecuadoraldia.com.ec\/?p=7409"},"modified":"2015-02-02T23:15:23","modified_gmt":"2015-02-02T23:15:23","slug":"cita-internacional-respalda-proyectos-de-microempesarios-con-discapacidad","status":"publish","type":"post","link":"https:\/\/www.ecuadoraldia.com.ec\/?p=7409","title":{"rendered":"Cita internacional respalda proyectos de microempesarios con discapacidad"},"content":{"rendered":"<figure id=\"attachment_7410\" aria-describedby=\"caption-attachment-7410\" style=\"width: 300px\" class=\"wp-caption alignleft\"><a href=\"http:\/\/www.ecuadoraldia.com.ec\/wp-content\/uploads\/2015\/02\/empendedores.jpg\"><img loading=\"lazy\" decoding=\"async\" class=\"size-medium wp-image-7410\" src=\"http:\/\/www.ecuadoraldia.com.ec\/wp-content\/uploads\/2015\/02\/empendedores-300x169.jpg\" alt=\"foto internet\" width=\"300\" height=\"169\" srcset=\"https:\/\/www.ecuadoraldia.com.ec\/wp-content\/uploads\/2015\/02\/empendedores-300x169.jpg 300w, https:\/\/www.ecuadoraldia.com.ec\/wp-content\/uploads\/2015\/02\/empendedores.jpg 630w\" sizes=\"(max-width: 300px) 100vw, 300px\" \/><\/a><figcaption id=\"caption-attachment-7410\" class=\"wp-caption-text\">foto internet<\/figcaption><\/figure>\n<p style=\"text-align: justify;\">Hoy inici\u00f3 en Guayaquil el primer Encuentro Internacional de Inclusi\u00f3n Productiva con la presencia de expertoss de 12 pa\u00edses, como Estados Unidos, Espa\u00f1a, Francia, Bangladesh y Panam\u00e1 con el prop\u00f3sito de generar nuevas propuestas econ\u00f3micas para el beneficio de las personas con discapacidad.<\/p>\n<p style=\"text-align: justify;\">El titular de la Secretar\u00eda T\u00e9cnica para la Gesti\u00f3n Inclusiva en Discapacidades (Setedis), Alex Camacho, se\u00f1al\u00f3 que hasta ma\u00f1ana, la cita espera acoger a 25.000 personas entre profesionales, estudiantes y empresarios para generar conocimientos sobre el acceso a microcr\u00e9ditos de estas personas de grupos vulnerables.<\/p>\n<p style=\"text-align: justify;\">Adem\u00e1s se realizar\u00e1n ruedas de negocios, que sirvan de enlace de empresas p\u00fablicas y privadas con los emprendedores, para mejorar la capacidad de desarrollar sus empresas basadas en las \u00e1reas de manufactura, comercio de bienes y servicios, y productos agropecuarios.<\/p>\n<p style=\"text-align: justify;\">Seg\u00fan la Setedis hay 500 proyectos de emprendimientos a nivel nacional que han generado 1.000 plazas de trabajo, 2.000 beneficiarios directos y 50.000 nuevos consumidores.<\/p>\n<p style=\"text-align: justify;\">Durante el encuentro internacional realizado en el Centro de Conveciones Sim\u00f3n Bol\u00edvar, tambi\u00e9n se instalaron stands para que 100 microempresarios con discapacidad exhiban sus productos. Adem\u00e1s se habilit\u00f3 un espacio l\u00fadico que cuenta con bicicletas inclusivas y una zona de recreaci\u00f3n para menores con discapacidad.<\/p>\n<p style=\"text-align: justify;\">A las 16:30 se prev\u00e9 la ceremonia oficial de inauguraci\u00f3n con la presencia del vicepresidente de la Rep\u00fablica, Jorge Glas. (EL tel\u00e9grafo)<\/p>\n","protected":false},"excerpt":{"rendered":"<p>Hoy inici\u00f3 en Guayaquil el primer Encuentro Internacional de Inclusi\u00f3n Productiva con la presencia de expertoss de 12 pa\u00edses, como<\/p>\n","protected":false},"author":1,"featured_media":0,"comment_status":"open","ping_status":"open","sticky":false,"template":"","format":"standard","meta":{"footnotes":""},"categories":[9],"tags":[],"_links":{"self":[{"href":"https:\/\/www.ecuadoraldia.com.ec\/index.php?rest_route=\/wp\/v2\/posts\/7409"}],"collection":[{"href":"https:\/\/www.ecuadoraldia.com.ec\/index.php?rest_route=\/wp\/v2\/posts"}],"about":[{"href":"https:\/\/www.ecuadoraldia.com.ec\/index.php?rest_route=\/wp\/v2\/types\/post"}],"author":[{"embeddable":true,"href":"https:\/\/www.ecuadoraldia.com.ec\/index.php?rest_route=\/wp\/v2\/users\/1"}],"replies":[{"embeddable":true,"href":"https:\/\/www.ecuadoraldia.com.ec\/index.php?rest_route=%2Fwp%2Fv2%2Fcomments&post=7409"}],"version-history":[{"count":1,"href":"https:\/\/www.ecuadoraldia.com.ec\/index.php?rest_route=\/wp\/v2\/posts\/7409\/revisions"}],"predecessor-version":[{"id":7411,"href":"https:\/\/www.ecuadoraldia.com.ec\/index.php?rest_route=\/wp\/v2\/posts\/7409\/revisions\/7411"}],"wp:attachment":[{"href":"https:\/\/www.ecuadoraldia.com.ec\/index.php?rest_route=%2Fwp%2Fv2%2Fmedia&parent=7409"}],"wp:term":[{"taxonomy":"category","embeddable":true,"href":"https:\/\/www.ecuadoraldia.com.ec\/index.php?rest_route=%2Fwp%2Fv2%2Fcategories&post=7409"},{"taxonomy":"post_tag","embeddable":true,"href":"https:\/\/www.ecuadoraldia.com.ec\/index.php?rest_route=%2Fwp%2Fv2%2Ftags&post=7409"}],"curies":[{"name":"wp","href":"https:\/\/api.w.org\/{rel}","templated":true}]}}