{"id":7412,"date":"2015-02-02T23:17:11","date_gmt":"2015-02-02T23:17:11","guid":{"rendered":"http:\/\/www.ecuadoraldia.com.ec\/?p=7412"},"modified":"2015-02-02T23:17:11","modified_gmt":"2015-02-02T23:17:11","slug":"farc-y-gobierno-colombiano-retoman-dialogos","status":"publish","type":"post","link":"https:\/\/www.ecuadoraldia.com.ec\/?p=7412","title":{"rendered":"FARC y gobierno colombiano retoman di\u00e1logos"},"content":{"rendered":"<p style=\"text-align: justify;\"><a href=\"http:\/\/www.ecuadoraldia.com.ec\/wp-content\/uploads\/2015\/02\/dialogos_farc.jpg\"><img loading=\"lazy\" decoding=\"async\" class=\"alignleft size-medium wp-image-7413\" src=\"http:\/\/www.ecuadoraldia.com.ec\/wp-content\/uploads\/2015\/02\/dialogos_farc-300x202.jpg\" alt=\"dialogos_farc\" width=\"300\" height=\"202\" srcset=\"https:\/\/www.ecuadoraldia.com.ec\/wp-content\/uploads\/2015\/02\/dialogos_farc-300x202.jpg 300w, https:\/\/www.ecuadoraldia.com.ec\/wp-content\/uploads\/2015\/02\/dialogos_farc.jpg 450w\" sizes=\"(max-width: 300px) 100vw, 300px\" \/><\/a>Agencia AFP. La guerrilla comunista de las FARC y el gobierno de Colombia retomaron este lunes las negociaciones de paz en Cuba, tras un receso por fin de a\u00f1o, con desacuerdos sobre dos iniciativas del gobierno de Juan Manuel Santos, calificadas como \u00abpostizas\u00bb por los rebeldes.<\/p>\n<p style=\"text-align: justify;\">\u00abReanudamos los di\u00e1logos, esperando que se contin\u00fae con el cumplimiento de lo acordado en los t\u00e9rminos conocidos por el pueblo de Colombia y el mundo entero. El respeto debido a este fundamento no puede ser descarrilado con f\u00f3rmulas ajenas al proceso\u00bb, dijo la guerrilla en un comunicado le\u00eddo a la prensa por el comandante Joaqu\u00edn G\u00f3mez.<\/p>\n<p style=\"text-align: justify;\">Para las Fuerzas Armadas Revolucionarias de Colombia (FARC), la mayor guerrilla de ese pa\u00eds con 8.000 combatientes, las \u00abf\u00f3rmulas ajenas al proceso\u00bb son el llamado \u00abmarco jur\u00eddico para la paz\u00bb, una iniciativa legal lanzada por Santos en 2012 y la intenci\u00f3n del presidente de convocar a una consulta popular para refrendar un eventual acuerdo de paz.<\/p>\n<p style=\"text-align: justify;\">\u00abEs necesario decir que, en atenci\u00f3n al orden de la Agenda (de negociaciones), todo tiene su momento y lugar, lo cual no da espacios a soluciones postizas como los referendos con sabor y afanes electorales que escapan a lo ya convenido\u00bb, dijo G\u00f3mez, jefe del bloque sur de las FARC.<\/p>\n<p style=\"text-align: justify;\">\u00abNo nos sentimos aludidos por normas que pretenden invadir las esferas de competencia y decisi\u00f3n de la instancia \u00fanica de entendimiento, que es la Mesa de Di\u00e1logos de Paz de La Habana\u00bb, a\u00f1adi\u00f3.<\/p>\n<p style=\"text-align: justify;\">La Corte Constitucional colombiana ratific\u00f3 en agosto de 2014 el \u00abmarco jur\u00eddico\u00bb, que permite a los rebeldes participar en pol\u00edtica una vez que dejen las armas, con la sola excepci\u00f3n de los m\u00e1ximos responsables por cr\u00edmenes de lesa humanidad o genocidio.<\/p>\n<p style=\"text-align: justify;\">Santos: \u00abustedes han cometido cr\u00edmenes\u00bb<\/p>\n<p style=\"text-align: justify;\">La delegaci\u00f3n del gobierno, encabezada por Humberto de la Calle, no formul\u00f3 declaraciones a la prensa al reanudarse las pl\u00e1ticas tras un receso de un mes y medio, pero el fin de semana el presidente Santos defendi\u00f3 el \u00abmarco jur\u00eddico\u00bb, afirmando que \u00abpermite una flexibilidad en materia judicial para poder lograr la paz\u00bb.<\/p>\n<p style=\"text-align: justify;\">\u00abLa guerrilla nos dice: ser\u00edamos la \u00fanica guerrilla que entrega sus armas para irse para una c\u00e1rcel y eso no lo vamos a aceptar. Nosotros les decimos: entendemos esa posici\u00f3n, pero ustedes han cometido unos cr\u00edmenes, unos cr\u00edmenes que est\u00e1n contemplados en la jurisprudencia nacional e internacional y el pa\u00eds no puede simplemente como se hac\u00eda en el pasado, hacer borr\u00f3n y cuenta nueva\u00bb, dijo Santos.<\/p>\n<p style=\"text-align: justify;\">\u00abConciliar esas dos posiciones (&#8230;) directamente antag\u00f3nicas es el gran reto que tenemos por delante en la mesa de negociaci\u00f3n. Yo espero que siendo creativos y con la voluntad pol\u00edtica de parte y parte vamos a encontrar ese punto de equilibrio\u00bb, a\u00f1adi\u00f3 el mandatario en un discurso en Guapi (suroeste de Colombia).<\/p>\n<p style=\"text-align: justify;\">Las negociaciones de paz comenzaron en noviembre de 2012 y hasta ahora las dos partes han consensuado tres de los seis puntos de la agenda destinada a acabar un conflicto armado de medio siglo, que ha dejado 220.000 muertos y 5,3 millones de desplazados.<\/p>\n<p style=\"text-align: justify;\">Las partes est\u00e1n debatiendo desde agosto sobre reparaci\u00f3n de las v\u00edctimas, para lo cual escucharon los testimonios de 60 afectados, que viajaron especialmente desde Colombia.<\/p>\n<p style=\"text-align: justify;\">Este es el cuarto punto que abordan las partes, tras los temas de reforma rural (mayo de 2013), participaci\u00f3n pol\u00edtica (noviembre de 2013) y drogas il\u00edcitas (mayo de 2014).<\/p>\n<p style=\"text-align: justify;\">Los temas pendientes son el proceso de desarme y el mecanismo de refrendaci\u00f3n de un eventual acuerdo de paz. Sobre este \u00faltimo punto tambi\u00e9n hay divergencias, pues Santos propone un referendo, pero la guerrilla quiere una asamblea constituyente.<\/p>\n<p style=\"text-align: justify;\">Las negociaciones en Cuba se desarrollan mientras contin\u00faan las hostilidades en Colombia, pero desde el 20 de diciembre rige una tregua unilateral por tiempo indefinido de las FARC.<\/p>\n<p style=\"text-align: justify;\">El 10 de febrero las partes recibir\u00e1n el informe de la \u00abComisi\u00f3n Hist\u00f3rica del Conflicto\u00bb y el 11 escuchar\u00e1n los testimonios de una delegaci\u00f3n de mujeres colombianas.<\/p>\n<p style=\"text-align: justify;\">El presente ciclo de pl\u00e1ticas, el trig\u00e9simo segundo, culminar\u00e1 el 12 de febrero.<\/p>\n<p style=\"text-align: justify;\">Noruega y Cuba son \u00abgarantes\u00bb del proceso de paz, y Venezuela y Chile \u00abacompa\u00f1antes\u00bb.(AFP)<\/p>\n","protected":false},"excerpt":{"rendered":"<p>Agencia AFP. La guerrilla comunista de las FARC y el gobierno de Colombia retomaron este lunes las negociaciones de paz<\/p>\n","protected":false},"author":1,"featured_media":0,"comment_status":"open","ping_status":"open","sticky":false,"template":"","format":"standard","meta":{"footnotes":""},"categories":[7],"tags":[],"_links":{"self":[{"href":"https:\/\/www.ecuadoraldia.com.ec\/index.php?rest_route=\/wp\/v2\/posts\/7412"}],"collection":[{"href":"https:\/\/www.ecuadoraldia.com.ec\/index.php?rest_route=\/wp\/v2\/posts"}],"about":[{"href":"https:\/\/www.ecuadoraldia.com.ec\/index.php?rest_route=\/wp\/v2\/types\/post"}],"author":[{"embeddable":true,"href":"https:\/\/www.ecuadoraldia.com.ec\/index.php?rest_route=\/wp\/v2\/users\/1"}],"replies":[{"embeddable":true,"href":"https:\/\/www.ecuadoraldia.com.ec\/index.php?rest_route=%2Fwp%2Fv2%2Fcomments&post=7412"}],"version-history":[{"count":1,"href":"https:\/\/www.ecuadoraldia.com.ec\/index.php?rest_route=\/wp\/v2\/posts\/7412\/revisions"}],"predecessor-version":[{"id":7414,"href":"https:\/\/www.ecuadoraldia.com.ec\/index.php?rest_route=\/wp\/v2\/posts\/7412\/revisions\/7414"}],"wp:attachment":[{"href":"https:\/\/www.ecuadoraldia.com.ec\/index.php?rest_route=%2Fwp%2Fv2%2Fmedia&parent=7412"}],"wp:term":[{"taxonomy":"category","embeddable":true,"href":"https:\/\/www.ecuadoraldia.com.ec\/index.php?rest_route=%2Fwp%2Fv2%2Fcategories&post=7412"},{"taxonomy":"post_tag","embeddable":true,"href":"https:\/\/www.ecuadoraldia.com.ec\/index.php?rest_route=%2Fwp%2Fv2%2Ftags&post=7412"}],"curies":[{"name":"wp","href":"https:\/\/api.w.org\/{rel}","templated":true}]}}