{"id":7415,"date":"2015-02-02T23:19:03","date_gmt":"2015-02-02T23:19:03","guid":{"rendered":"http:\/\/www.ecuadoraldia.com.ec\/?p=7415"},"modified":"2015-02-02T23:19:03","modified_gmt":"2015-02-02T23:19:03","slug":"ecuador-reforzara-estrategias-para-atender-y-prevenir-problemas-con-drogas-en-colegios","status":"publish","type":"post","link":"https:\/\/www.ecuadoraldia.com.ec\/?p=7415","title":{"rendered":"Ecuador reforzar\u00e1 estrategias para atender y prevenir problemas con drogas en colegios"},"content":{"rendered":"<p style=\"text-align: justify;\"><a href=\"http:\/\/www.ecuadoraldia.com.ec\/wp-content\/uploads\/2015\/02\/drogas_colegios.png\"><img loading=\"lazy\" decoding=\"async\" class=\"alignleft size-full wp-image-7416\" src=\"http:\/\/www.ecuadoraldia.com.ec\/wp-content\/uploads\/2015\/02\/drogas_colegios.png\" alt=\"drogas_colegios\" width=\"255\" height=\"182\" \/><\/a>Guayaquil, 2 feb (Andes).- El gobierno de Ecuador potenciar\u00e1 en este a\u00f1o el plan integral de atenci\u00f3n a los estudiantes de planteles de educaci\u00f3n b\u00e1sica y secundaria que se implementa para alejar a los alumnos de la problem\u00e1tica del consumo de drogas y alcohol, anunci\u00f3 el ministro de Educaci\u00f3n, Augusto Espinosa.<\/p>\n<p style=\"text-align: justify;\">Este programa, explic\u00f3 el secretario de Estado, tiene tres componentes que son: prevenci\u00f3n, seguridad y orientaci\u00f3n.<\/p>\n<p style=\"text-align: justify;\">\u201cEste ser\u00e1 el a\u00f1o del trabajo por la vida, para demostrar que en Ecuador tenemos una juventud sana, que si bien est\u00e1 amenazada por distintas problem\u00e1ticas, en su mayor\u00eda tiene un direccionamiento claro\u201d, manifest\u00f3 Espinosa.<\/p>\n<p style=\"text-align: justify;\">En cuanto a prevenci\u00f3n se han puesto en marcha diversas acciones que aseguran el adecuado uso del tiempo libre para que lo empleen en tareas productivas, recreativas, de aprendizaje y otras actividades.<\/p>\n<p style=\"text-align: justify;\">Respecto a seguridad estudiantil, Espinosa indic\u00f3 que se empez\u00f3 a instalar c\u00e1maras en las instituciones educativas a nivel nacional en 735 establecimientos educativos con m\u00e1s de mil estudiantes. Record\u00f3 que 148 de estos centros escolares se encuentran en Guayaquil y que colegios emblem\u00e1ticos, como el Vicente Rocafuerte y Aguirre Abad, ser\u00e1n prioridad.<\/p>\n<p style=\"text-align: justify;\">La estrategia de orientaci\u00f3n se har\u00e1 por medio de la implementaci\u00f3n de los departamentos de Consejer\u00eda Estudiantil (DECE) en 914 instituciones educativas a nivel nacional con 900 o m\u00e1s estudiantes.<\/p>\n<p style=\"text-align: justify;\">Espinosa se\u00f1al\u00f3 que 590 instituciones educativas cuentan ya con un DECE y las otras 324 restantes iniciar\u00e1n su operaci\u00f3n en este a\u00f1o.<\/p>\n<p style=\"text-align: justify;\">Patricia Granja, subsecretaria de Provisi\u00f3n de Servicios del Ministerio de Salud P\u00fablica, present\u00f3 los alcances de la Red de Atenci\u00f3n Integral contra alcohol, tabaco y otras drogas, que ofrece centros de atenci\u00f3n ambulatoria y residencial para ni\u00f1os y j\u00f3venes consumidores.<\/p>\n<p style=\"text-align: justify;\">\u201cEstos centros manejan un protocolo para el manejo de estos casos con equipos multidisciplinarios, que cuentan con psic\u00f3logos, m\u00e9dicos cl\u00ednicos y terapeutas\u201d, asegur\u00f3 Granja, al indicar que se habilit\u00f3 la l\u00ednea 171 para que las familias puedan solicitar citas y recibir la atenci\u00f3n adecuada.<\/p>\n<p style=\"text-align: justify;\">Rodrigo V\u00e9lez, secretario ejecutivo del Consejo Nacional de Control de Sustancias Estupefacientes y Psicotr\u00f3picas (Consep), explic\u00f3 sobre los alcances legales y perjuicios sanitarios y sociales derivados del consumo de drogas. Tambi\u00e9n hizo un llamado a toda la comunidad educativa para que se unan en el \u00fanico objetivo de erradicar el consumo de estupefacientes entre la juventud. (Andes)<\/p>\n","protected":false},"excerpt":{"rendered":"<p>Guayaquil, 2 feb (Andes).- El gobierno de Ecuador potenciar\u00e1 en este a\u00f1o el plan integral de atenci\u00f3n a los estudiantes<\/p>\n","protected":false},"author":1,"featured_media":0,"comment_status":"open","ping_status":"open","sticky":false,"template":"","format":"standard","meta":{"footnotes":""},"categories":[4],"tags":[],"_links":{"self":[{"href":"https:\/\/www.ecuadoraldia.com.ec\/index.php?rest_route=\/wp\/v2\/posts\/7415"}],"collection":[{"href":"https:\/\/www.ecuadoraldia.com.ec\/index.php?rest_route=\/wp\/v2\/posts"}],"about":[{"href":"https:\/\/www.ecuadoraldia.com.ec\/index.php?rest_route=\/wp\/v2\/types\/post"}],"author":[{"embeddable":true,"href":"https:\/\/www.ecuadoraldia.com.ec\/index.php?rest_route=\/wp\/v2\/users\/1"}],"replies":[{"embeddable":true,"href":"https:\/\/www.ecuadoraldia.com.ec\/index.php?rest_route=%2Fwp%2Fv2%2Fcomments&post=7415"}],"version-history":[{"count":1,"href":"https:\/\/www.ecuadoraldia.com.ec\/index.php?rest_route=\/wp\/v2\/posts\/7415\/revisions"}],"predecessor-version":[{"id":7417,"href":"https:\/\/www.ecuadoraldia.com.ec\/index.php?rest_route=\/wp\/v2\/posts\/7415\/revisions\/7417"}],"wp:attachment":[{"href":"https:\/\/www.ecuadoraldia.com.ec\/index.php?rest_route=%2Fwp%2Fv2%2Fmedia&parent=7415"}],"wp:term":[{"taxonomy":"category","embeddable":true,"href":"https:\/\/www.ecuadoraldia.com.ec\/index.php?rest_route=%2Fwp%2Fv2%2Fcategories&post=7415"},{"taxonomy":"post_tag","embeddable":true,"href":"https:\/\/www.ecuadoraldia.com.ec\/index.php?rest_route=%2Fwp%2Fv2%2Ftags&post=7415"}],"curies":[{"name":"wp","href":"https:\/\/api.w.org\/{rel}","templated":true}]}}