{"id":7424,"date":"2015-02-02T23:40:37","date_gmt":"2015-02-02T23:40:37","guid":{"rendered":"http:\/\/www.ecuadoraldia.com.ec\/?p=7424"},"modified":"2015-02-02T23:40:37","modified_gmt":"2015-02-02T23:40:37","slug":"los-mejores-desayunos-para-san-valentin","status":"publish","type":"post","link":"https:\/\/www.ecuadoraldia.com.ec\/?p=7424","title":{"rendered":"Los mejores desayunos para San Valent\u00edn"},"content":{"rendered":"<p style=\"text-align: justify;\"><a href=\"http:\/\/www.ecuadoraldia.com.ec\/wp-content\/uploads\/2015\/02\/enfe.jpg\"><img loading=\"lazy\" decoding=\"async\" class=\"alignleft size-full wp-image-7425\" src=\"http:\/\/www.ecuadoraldia.com.ec\/wp-content\/uploads\/2015\/02\/enfe.jpg\" alt=\"enfe\" width=\"275\" height=\"183\" \/><\/a>Quedan pocos d\u00edas para celebrar el d\u00eda m\u00e1s rom\u00e1ntico del a\u00f1o de manera oficial. Los centros comerciales est\u00e1n repletos de gente comprando el regalo ideal para su pareja. En cuesti\u00f3n de originalidad y, sobre todo, buen gusto, regalar un desayuno es la mejor manera de comenzar San Valent\u00edn.<\/p>\n<p style=\"text-align: justify;\">\u00bfCon qu\u00e9 crees que te sorprender\u00e1n este a\u00f1o? Si no ves a tu pareja muy creativa, siempre puedes darle lecciones previas de cocina para cuando llegue el gran d\u00eda.<\/p>\n<p style=\"text-align: justify;\">Si eres de desayunar como es debido, esta opci\u00f3n es perfecta para ti. Un completo desayuno compuesto de unas tosadas en forma de coraz\u00f3n, un caf\u00e9 americano y un zumo de naranja rico en vitamina C. Realmente, lo mejor es la rosa, un peque\u00f1o detalle que en la foto puede pasar desapercibido pero que en persona, hace mucha ilusi\u00f3n.(En femenino.com)<\/p>\n","protected":false},"excerpt":{"rendered":"<p>Quedan pocos d\u00edas para celebrar el d\u00eda m\u00e1s rom\u00e1ntico del a\u00f1o de manera oficial. Los centros comerciales est\u00e1n repletos de<\/p>\n","protected":false},"author":1,"featured_media":0,"comment_status":"open","ping_status":"open","sticky":false,"template":"","format":"standard","meta":{"footnotes":""},"categories":[1],"tags":[],"_links":{"self":[{"href":"https:\/\/www.ecuadoraldia.com.ec\/index.php?rest_route=\/wp\/v2\/posts\/7424"}],"collection":[{"href":"https:\/\/www.ecuadoraldia.com.ec\/index.php?rest_route=\/wp\/v2\/posts"}],"about":[{"href":"https:\/\/www.ecuadoraldia.com.ec\/index.php?rest_route=\/wp\/v2\/types\/post"}],"author":[{"embeddable":true,"href":"https:\/\/www.ecuadoraldia.com.ec\/index.php?rest_route=\/wp\/v2\/users\/1"}],"replies":[{"embeddable":true,"href":"https:\/\/www.ecuadoraldia.com.ec\/index.php?rest_route=%2Fwp%2Fv2%2Fcomments&post=7424"}],"version-history":[{"count":1,"href":"https:\/\/www.ecuadoraldia.com.ec\/index.php?rest_route=\/wp\/v2\/posts\/7424\/revisions"}],"predecessor-version":[{"id":7426,"href":"https:\/\/www.ecuadoraldia.com.ec\/index.php?rest_route=\/wp\/v2\/posts\/7424\/revisions\/7426"}],"wp:attachment":[{"href":"https:\/\/www.ecuadoraldia.com.ec\/index.php?rest_route=%2Fwp%2Fv2%2Fmedia&parent=7424"}],"wp:term":[{"taxonomy":"category","embeddable":true,"href":"https:\/\/www.ecuadoraldia.com.ec\/index.php?rest_route=%2Fwp%2Fv2%2Fcategories&post=7424"},{"taxonomy":"post_tag","embeddable":true,"href":"https:\/\/www.ecuadoraldia.com.ec\/index.php?rest_route=%2Fwp%2Fv2%2Ftags&post=7424"}],"curies":[{"name":"wp","href":"https:\/\/api.w.org\/{rel}","templated":true}]}}