{"id":7427,"date":"2015-02-02T23:41:34","date_gmt":"2015-02-02T23:41:34","guid":{"rendered":"http:\/\/www.ecuadoraldia.com.ec\/?p=7427"},"modified":"2015-02-02T23:41:34","modified_gmt":"2015-02-02T23:41:34","slug":"sexismo-y-violencia-de-genero-los-anuncios-de-la-super-bowl-2015-que-nos-han-llamado-la-atencion","status":"publish","type":"post","link":"https:\/\/www.ecuadoraldia.com.ec\/?p=7427","title":{"rendered":"Sexismo y violencia de g\u00e9nero: los anuncios de la Super Bowl 2015 que nos han llamado la atenci\u00f3n"},"content":{"rendered":"<p style=\"text-align: justify;\"><a href=\"http:\/\/www.ecuadoraldia.com.ec\/wp-content\/uploads\/2015\/02\/accNoTexte.jpg\"><img loading=\"lazy\" decoding=\"async\" class=\"alignleft size-full wp-image-7428\" src=\"http:\/\/www.ecuadoraldia.com.ec\/wp-content\/uploads\/2015\/02\/accNoTexte.jpg\" alt=\"accNoTexte\" width=\"273\" height=\"168\" \/><\/a>Un a\u00f1o m\u00e1s uno de los eventos m\u00e1s importantes a nivel mundial trae consigo una gran lista de anunciantes que esperan con ansia sus segundos de gloria ante los millones de personas que se dan cita frente al televisor durante la Super Bowl. En esta ocasi\u00f3n, queremos destacar dos de los anuncios que se emitir\u00e1n durante los descansos. Uno de ellos para concienciarnos sobre la violencia machista y otro, que hace flaco favor a la imagen de la mujer. \u00a1Juzgar por vosotras mismas!<\/p>\n<p style=\"text-align: justify;\">Si por algo se caracteriza la final de la Super Bowl es por ser uno de los espect\u00e1culos televisivos con m\u00e1s audiencia del a\u00f1o. Un espect\u00e1culo deportivo que se convierte en el escaparate perfecto para muchos anunciantes y artistas ya que congrega a millones de espectadores frente al televisor. Pero, te preguntar\u00e1s: \u00bfqu\u00e9 tiene \u00e9sto que ver con el tema que nos incumbe: las mujeres? Nos ha parecido interesante destacar dos de los anuncios que est\u00e1 previsto que se emitan el pr\u00f3ximo domingo 1 de febrero que ser\u00e1 cuando se lleve a cabo el show.<\/p>\n<p style=\"text-align: justify;\">Una denuncia contra la violencia de g\u00e9nero<\/p>\n<p>El primero se caracteriza por ser el primer anuncio del servicio p\u00fablico del pa\u00eds que se centra en el tema de la violencia de g\u00e9nero. La versi\u00f3n que se emita durar\u00e1 unos 30 segundos, durante el primer corte publicitario del evento. Un escalofriante v\u00eddeo que nos deja con los pelos de punta ya que afronta la realidad que muchas mujeres todav\u00eda tienen que vivir a d\u00eda de hoy. Se enmarca dentro de No more, una campa\u00f1a creada para acabar con la violencia dom\u00e9stica y el abuso sexual que lleva por lema: \u00abCuando es dif\u00edcil hablar, nuestro trabajo es escuchar\u00bb. Aqu\u00ed puedes verlo.<\/p>\n<p style=\"text-align: justify;\">El anuncio m\u00e1s sexista de la Super Bowl<\/p>\n<p>Pero, por otro lado, seguimos viendo actitudes m\u00e1s que criticables con la imagen de la mujer en la publicidad. Ahora, queremos fijarnos en este anuncio que tambi\u00e9n est\u00e1 previsto que se emita durante la Super Bowl. En \u00e9l aparece Charlotte McKinney que hace de imagen para presentar la primera hamburguesa natural de la marca Carl&#8217;s Jr y la modelo lo hace de la misma forma, \u00abal natural\u00bb. El anuncio ya ha sido calificado como el m\u00e1s sexista de los \u00faltimos tiempos. Aunque la marca se ha defendido de las acusaciones ha afirmado que precisamente \u00e9sto es lo que desea su p\u00fablico objetivo: \u00abhombres hambrientos entre 18 y 34 a\u00f1os\u00bb. Juzgar por vosotras mismas. (En femenino.com)<br \/>\nhttps:\/\/www.youtube.com\/watch?v=4WTA_8waxTo<\/p>\n","protected":false},"excerpt":{"rendered":"<p>Un a\u00f1o m\u00e1s uno de los eventos m\u00e1s importantes a nivel mundial trae consigo una gran lista de anunciantes que<\/p>\n","protected":false},"author":1,"featured_media":0,"comment_status":"open","ping_status":"open","sticky":false,"template":"","format":"standard","meta":{"footnotes":""},"categories":[1],"tags":[],"_links":{"self":[{"href":"https:\/\/www.ecuadoraldia.com.ec\/index.php?rest_route=\/wp\/v2\/posts\/7427"}],"collection":[{"href":"https:\/\/www.ecuadoraldia.com.ec\/index.php?rest_route=\/wp\/v2\/posts"}],"about":[{"href":"https:\/\/www.ecuadoraldia.com.ec\/index.php?rest_route=\/wp\/v2\/types\/post"}],"author":[{"embeddable":true,"href":"https:\/\/www.ecuadoraldia.com.ec\/index.php?rest_route=\/wp\/v2\/users\/1"}],"replies":[{"embeddable":true,"href":"https:\/\/www.ecuadoraldia.com.ec\/index.php?rest_route=%2Fwp%2Fv2%2Fcomments&post=7427"}],"version-history":[{"count":1,"href":"https:\/\/www.ecuadoraldia.com.ec\/index.php?rest_route=\/wp\/v2\/posts\/7427\/revisions"}],"predecessor-version":[{"id":7429,"href":"https:\/\/www.ecuadoraldia.com.ec\/index.php?rest_route=\/wp\/v2\/posts\/7427\/revisions\/7429"}],"wp:attachment":[{"href":"https:\/\/www.ecuadoraldia.com.ec\/index.php?rest_route=%2Fwp%2Fv2%2Fmedia&parent=7427"}],"wp:term":[{"taxonomy":"category","embeddable":true,"href":"https:\/\/www.ecuadoraldia.com.ec\/index.php?rest_route=%2Fwp%2Fv2%2Fcategories&post=7427"},{"taxonomy":"post_tag","embeddable":true,"href":"https:\/\/www.ecuadoraldia.com.ec\/index.php?rest_route=%2Fwp%2Fv2%2Ftags&post=7427"}],"curies":[{"name":"wp","href":"https:\/\/api.w.org\/{rel}","templated":true}]}}