{"id":7430,"date":"2015-02-03T22:52:41","date_gmt":"2015-02-03T22:52:41","guid":{"rendered":"http:\/\/www.ecuadoraldia.com.ec\/?p=7430"},"modified":"2015-02-05T12:26:00","modified_gmt":"2015-02-05T12:26:00","slug":"zuniga-muerte-del-gral-gabela-no-esta-relacionada-con-denuncias-sobre-lhelicopetros-dhruv","status":"publish","type":"post","link":"https:\/\/www.ecuadoraldia.com.ec\/?p=7430","title":{"rendered":"Muerte de Gabela no est\u00e1 relacionada con denuncias sobre los  Dhruv"},"content":{"rendered":"<p style=\"text-align: justify;\"><a href=\"http:\/\/www.ecuadoraldia.com.ec\/wp-content\/uploads\/2015\/02\/zu1.jpg\"><img loading=\"lazy\" decoding=\"async\" class=\"alignleft size-medium wp-image-7434\" src=\"http:\/\/www.ecuadoraldia.com.ec\/wp-content\/uploads\/2015\/02\/zu1-300x178.jpg\" alt=\"zu\" width=\"300\" height=\"178\" srcset=\"https:\/\/www.ecuadoraldia.com.ec\/wp-content\/uploads\/2015\/02\/zu1-300x178.jpg 300w, https:\/\/www.ecuadoraldia.com.ec\/wp-content\/uploads\/2015\/02\/zu1-1024x608.jpg 1024w, https:\/\/www.ecuadoraldia.com.ec\/wp-content\/uploads\/2015\/02\/zu1.jpg 1862w\" sizes=\"(max-width: 300px) 100vw, 300px\" \/><\/a>La ministra de Justicia y Derechos Humanos, Lady Zu\u00f1iga, present\u00f3 este martes el \u00abInforme Forense sobre la investigaci\u00f2n del Caso Gabela\u00bb, desarrollado por un perito brasile\u00f1o contratado por el gobierno.<\/p>\n<p style=\"text-align: justify;\">Entre las conclusiones, se destaca que el crimen del general Jorge Gabela, excomandante de la Fuerza A\u00e9rea Ecuatoriana (FAE), no est\u00e1 relacionado con las denuncias hechas en relaci\u00f3n a la adquisici\u00f3n de los siete helic\u00f3pteros Dhruv adquiridos a la India, de los cuales 4 han ca\u00ecdo por falla humana<\/p>\n<p style=\"text-align: justify;\">El informe detalla tambi\u00e9n que el robo a la esposa del gral Gabela, Sof\u00eda, tuvo como consecuencia la muerte del ex funcionario siendo este \u00abel verdadero m\u00f3vil del crimen\u00bb. dijo la Ministra Zu\u00f1iga<\/p>\n<p style=\"text-align: justify;\">Este informe se inici\u00f3 luego de que el presidente de la Rep\u00fablica, Rafael Correa, orden\u00f3 al Ministerio de Justicia crear una comisi\u00f3n interinstitucional para conocer las causas del deceso del excomandante, ocurrido en 2010.<\/p>\n<p style=\"text-align: justify;\">Z\u00fa\u00f1iga inform\u00f3 que en los pr\u00f3ximos d\u00edas, la Comisi\u00f3n entregar\u00e1 el informe final al Jefe de la Naci\u00f3n, despu\u00e9s de lo cual se pondr\u00e1 en conocimiento de los familiares del excomandante de la FAE.<\/p>\n<p style=\"text-align: justify;\">La ministra anunci\u00f3 tambi\u00e9n que de ser necesario, el documento ser\u00e1 presentado a la Comisi\u00f3n de Fiscalizaci\u00f3n de la Asamblea Nacional, en respuesta al inicio de las investigaciones sobre este caso que har\u00e0 la Comisi\u00f2n de Fiscalizaci\u00f2n que preside el asamble\u00ecsta del oficialismo Gabriel Rivera.<\/p>\n<p style=\"text-align: justify;\">Rivera prevee llamar a la comisi\u00f2n a todos los involucrados en esta caso, empezando por el Ministro de defensa, Fernando Cordero. Tambi\u00e8n se investigar\u00e0n las revelaciones del ex jefe del comando conjunto de las fuerzas armadas, Ernesto Gonz\u00e0lez, el el libro \u00abTestimonio de un Comandante\u00bb sobre supuesta intomisi\u00f2n de grupos de espionajes provenientes del exterior.<\/p>\n<p style=\"text-align: justify;\"><iframe loading=\"lazy\" width=\"800\" height=\"450\" src=\"https:\/\/www.youtube.com\/embed\/mfjNF4gyTdM?feature=oembed\" frameborder=\"0\" allowfullscreen><\/iframe><\/p>\n","protected":false},"excerpt":{"rendered":"<p>La ministra de Justicia y Derechos Humanos, Lady Zu\u00f1iga, present\u00f3 este martes el \u00abInforme Forense sobre la investigaci\u00f2n del Caso<\/p>\n","protected":false},"author":1,"featured_media":0,"comment_status":"open","ping_status":"open","sticky":false,"template":"","format":"standard","meta":{"footnotes":""},"categories":[1],"tags":[],"_links":{"self":[{"href":"https:\/\/www.ecuadoraldia.com.ec\/index.php?rest_route=\/wp\/v2\/posts\/7430"}],"collection":[{"href":"https:\/\/www.ecuadoraldia.com.ec\/index.php?rest_route=\/wp\/v2\/posts"}],"about":[{"href":"https:\/\/www.ecuadoraldia.com.ec\/index.php?rest_route=\/wp\/v2\/types\/post"}],"author":[{"embeddable":true,"href":"https:\/\/www.ecuadoraldia.com.ec\/index.php?rest_route=\/wp\/v2\/users\/1"}],"replies":[{"embeddable":true,"href":"https:\/\/www.ecuadoraldia.com.ec\/index.php?rest_route=%2Fwp%2Fv2%2Fcomments&post=7430"}],"version-history":[{"count":7,"href":"https:\/\/www.ecuadoraldia.com.ec\/index.php?rest_route=\/wp\/v2\/posts\/7430\/revisions"}],"predecessor-version":[{"id":7488,"href":"https:\/\/www.ecuadoraldia.com.ec\/index.php?rest_route=\/wp\/v2\/posts\/7430\/revisions\/7488"}],"wp:attachment":[{"href":"https:\/\/www.ecuadoraldia.com.ec\/index.php?rest_route=%2Fwp%2Fv2%2Fmedia&parent=7430"}],"wp:term":[{"taxonomy":"category","embeddable":true,"href":"https:\/\/www.ecuadoraldia.com.ec\/index.php?rest_route=%2Fwp%2Fv2%2Fcategories&post=7430"},{"taxonomy":"post_tag","embeddable":true,"href":"https:\/\/www.ecuadoraldia.com.ec\/index.php?rest_route=%2Fwp%2Fv2%2Ftags&post=7430"}],"curies":[{"name":"wp","href":"https:\/\/api.w.org\/{rel}","templated":true}]}}