{"id":7436,"date":"2015-02-03T23:03:06","date_gmt":"2015-02-03T23:03:06","guid":{"rendered":"http:\/\/www.ecuadoraldia.com.ec\/?p=7436"},"modified":"2015-02-03T23:03:06","modified_gmt":"2015-02-03T23:03:06","slug":"correa-ordena-a-ecorae-que-transfiera-recursos-a-gad-amazonicos","status":"publish","type":"post","link":"https:\/\/www.ecuadoraldia.com.ec\/?p=7436","title":{"rendered":"Correa ordena a Ecorae que transfiera recursos a GAD amaz\u00f3nicos"},"content":{"rendered":"<p style=\"text-align: justify;\"><a href=\"http:\/\/www.ecuadoraldia.com.ec\/wp-content\/uploads\/2015\/02\/rc-amazo.jpg\"><img loading=\"lazy\" decoding=\"async\" class=\"alignleft size-medium wp-image-7437\" src=\"http:\/\/www.ecuadoraldia.com.ec\/wp-content\/uploads\/2015\/02\/rc-amazo-300x207.jpg\" alt=\"rc amazo\" width=\"300\" height=\"207\" srcset=\"https:\/\/www.ecuadoraldia.com.ec\/wp-content\/uploads\/2015\/02\/rc-amazo-300x207.jpg 300w, https:\/\/www.ecuadoraldia.com.ec\/wp-content\/uploads\/2015\/02\/rc-amazo.jpg 599w\" sizes=\"(max-width: 300px) 100vw, 300px\" \/><\/a>El presidente Rafael Correa dijo este martes, en El Coca (Orellana), que ordenar\u00e1 al Instituto para el Ecodesarrollo Regional Amaz\u00f3nico (Ecorae) que de su presupuesto transfiera un porcentaje a las juntas parroquiales de esa regi\u00f3n. El anuncio lo hizo durante el encuentro con autoridades locales amaz\u00f3nicas agrupadas en \u2018Somos Amazon\u00eda\u2019, quienes entregaron un manifiesto de apoyo al Gobierno Nacional.<\/p>\n<p style=\"text-align: justify;\">En su discurso, el Mandatario subray\u00f3 que est\u00e1 de acuerdo con que hay que modificar la Ley 010, pero que se debe rechazar \u00abla hipocres\u00eda de unos cuantos\u00bb. En ese sentido, indic\u00f3 que \u00abno se prestar\u00e1 a la politiquer\u00eda\u00bb de quienes en p\u00fablico le dicen no al petr\u00f3leo, pero exigen m\u00e1s recursos de ese mismo petr\u00f3leo que rechazan.<\/p>\n<p style=\"text-align: justify;\">\u00abDijimos que si todos los gobiernos locales ratificaban su apoyo p\u00fablico a la explotaci\u00f3n petrolera y minera responsables, yo mandaba el proyecto para modificar la Ley 010. No lo han hecho, los mentirosos exigen m\u00e1s plata del petr\u00f3leo, pero en p\u00fablico, en sus comunidades, en sus territorios se oponen a la explotaci\u00f3n petrolera. As\u00ed que no puedo ser tonto \u00fatil de los politiqueros de siempre y enviar esa reforma\u00bb, sostuvo Correa.<\/p>\n<p style=\"text-align: justify;\">Recalc\u00f3, sin embargo, que el Gobierno central har\u00e1 todo lo que se requiera para compensar a los GAD que \u00abcon responsabilidad ciudadana y pol\u00edtica apoyan la adecuada explotaci\u00f3n de nuestros recursos\u00bb.<\/p>\n<p style=\"text-align: justify;\">El Jefe de Estado record\u00f3 que en el periodo 2000-2006 se dieron los GAD de la Amazon\u00eda $ 927 millones. Mientras que en 2007-2014 esa cifra fue de $ 4.213 millones, cerca de 5 veces m\u00e1s.<\/p>\n<p style=\"text-align: justify;\">Correa enfatiz\u00f3 que ojal\u00e1 en 2016, cuando se estabilice la situaci\u00f3n econ\u00f3mica mundial y mejoren un poco las finanzas p\u00fablicas, espera poder revisar los porcentajes de la Ley 010. \u00abMientras tanto, hemos hablado con el Banco del Estado para que los Gobiernos Aut\u00f3nomos Descentralizados de la Amazon\u00eda, que frontalmente apoyaron la explotaci\u00f3n responsable de recursos, reciban 35% de subsidios para sus obras de agua potable, alcantarillado y, en el caso de prefecturas, los caminos vecinales\u00bb, apunt\u00f3.<\/p>\n<p style=\"text-align: justify;\">A\u00f1adi\u00f3 que esto puede implicar centenas de millones de d\u00f3lares, la duplicaci\u00f3n de la asignaci\u00f3n que est\u00e1n recibiendo en este momento con la actual normativa ($177 millones).<\/p>\n<p style=\"text-align: justify;\">El Mandatario explic\u00f3 que esperar\u00e1 hasta el pr\u00f3ximo a\u00f1o \u00abpara mandar toda la modificaci\u00f3n que consensuemos: que las prefecturas iban a reducir 2% de sus asignaciones a la Ley 010, los municipios 3%, y el Ecorae 2%, para poder aumentar 7% la asignaci\u00f3n a los gobierno parroquiales rurales\u00bb.<\/p>\n<p style=\"text-align: justify;\">Pero, a\u00f1adi\u00f3, como esto exige modificaci\u00f3n de la normativa, \u00ablo que voy a hacer es ordenar al Ecorae que de su presupuesto transfiera directamente ese 7% a las juntas parroquiales\u00bb.<\/p>\n<p style=\"text-align: justify;\">El Presidente tambi\u00e9n pedir\u00e1 al Ecorae que las obras que est\u00e1 ejecutando en esos territorios sean transferidos los recursos a los GAD para que sean estos los que las terminen.<\/p>\n<p style=\"text-align: justify;\">\u00abTodos estamos de acuerdo con una mayor participaci\u00f3n en la Ley 010, en la renta petrolera para la Amazon\u00eda (&#8230;), pero a su vez todos debemos rechazar tanto cinismo e hipocres\u00eda\u00bb, insisti\u00f3.<\/p>\n<p style=\"text-align: justify;\">Manifiesto de apoyo<\/p>\n<p style=\"text-align: justify;\">Alcaldes, prefectos y presidentes de juntas parroquiales reconocen la gesti\u00f3n del Gobierno Nacional por el desarrollo de la regi\u00f3n amaz\u00f3nica, seg\u00fan recoge el manifiesto entregado este martes al presidente Rafael Correa.<\/p>\n<p style=\"text-align: justify;\">En el documento, las autoridades locales, agrupados en \u2018Somos Amazon\u00eda\u2019, tambi\u00e9n expresan su confianza en la necesidad de seguir utilizando de manera responsable los recursos naturales como parte fundamental del desarrollo.<\/p>\n<p style=\"text-align: justify;\">Asimismo se indica en el manifiesto que \u00abutilizar recursos no renovables mejora presupuestos para generar m\u00e1s inversiones para erradicar la pobreza\u00bb.<\/p>\n<p style=\"text-align: justify;\">\u00abRechazamos el doble discurso de quienes continuamente exigen m\u00e1s recursos y se oponen a la utilizaci\u00f3n responsable de los recursos\u00bb, sostiene otro de los puntos del documento que recibi\u00f3 hoy el Primer Mandatario.<\/p>\n<p style=\"text-align: justify;\">Adem\u00e1s, indican que comprenden la \u00abdif\u00edcil decisi\u00f3n de extraer petr\u00f3leo en peque\u00f1a parte del Yasun\u00ed por urgencia de atender necesidades b\u00e1sicas\u00bb.<\/p>\n<p style=\"text-align: justify;\">\u2018Somos Amazon\u00eda\u2019 se compromete a presentar una propuesta viable de reforma a la Ley 010, \u00abtrabaj\u00e1ndola con diferentes niveles de gobierno\u00bb.<\/p>\n<p style=\"text-align: justify;\">Este encuentro es la continuaci\u00f3n de \u2018Somos Ecuador\u2019, que congreg\u00f3 a alrededor de 600 autoridades nacionales y locales en Cuenca, el pasado 2 de octubre, en donde se ratific\u00f3 el respaldo al Gobierno Nacional.<\/p>\n<p style=\"text-align: justify;\">\u2018Somos Amazon\u00eda\u2019 re\u00fane la voluntad compartida de 137 presidentes de juntas parroquiales, 38 alcaldes y 2 prefectos de la regi\u00f3n.(Eltelegrafo.com.ec)<\/p>\n","protected":false},"excerpt":{"rendered":"<p>El presidente Rafael Correa dijo este martes, en El Coca (Orellana), que ordenar\u00e1 al Instituto para el Ecodesarrollo Regional Amaz\u00f3nico<\/p>\n","protected":false},"author":1,"featured_media":0,"comment_status":"open","ping_status":"open","sticky":false,"template":"","format":"standard","meta":{"footnotes":""},"categories":[1],"tags":[],"_links":{"self":[{"href":"https:\/\/www.ecuadoraldia.com.ec\/index.php?rest_route=\/wp\/v2\/posts\/7436"}],"collection":[{"href":"https:\/\/www.ecuadoraldia.com.ec\/index.php?rest_route=\/wp\/v2\/posts"}],"about":[{"href":"https:\/\/www.ecuadoraldia.com.ec\/index.php?rest_route=\/wp\/v2\/types\/post"}],"author":[{"embeddable":true,"href":"https:\/\/www.ecuadoraldia.com.ec\/index.php?rest_route=\/wp\/v2\/users\/1"}],"replies":[{"embeddable":true,"href":"https:\/\/www.ecuadoraldia.com.ec\/index.php?rest_route=%2Fwp%2Fv2%2Fcomments&post=7436"}],"version-history":[{"count":1,"href":"https:\/\/www.ecuadoraldia.com.ec\/index.php?rest_route=\/wp\/v2\/posts\/7436\/revisions"}],"predecessor-version":[{"id":7438,"href":"https:\/\/www.ecuadoraldia.com.ec\/index.php?rest_route=\/wp\/v2\/posts\/7436\/revisions\/7438"}],"wp:attachment":[{"href":"https:\/\/www.ecuadoraldia.com.ec\/index.php?rest_route=%2Fwp%2Fv2%2Fmedia&parent=7436"}],"wp:term":[{"taxonomy":"category","embeddable":true,"href":"https:\/\/www.ecuadoraldia.com.ec\/index.php?rest_route=%2Fwp%2Fv2%2Fcategories&post=7436"},{"taxonomy":"post_tag","embeddable":true,"href":"https:\/\/www.ecuadoraldia.com.ec\/index.php?rest_route=%2Fwp%2Fv2%2Ftags&post=7436"}],"curies":[{"name":"wp","href":"https:\/\/api.w.org\/{rel}","templated":true}]}}